{"id":1640,"date":"2019-12-16T13:28:49","date_gmt":"2019-12-16T12:28:49","guid":{"rendered":"http:\/\/agora.xtec.cat\/ceiplaromanica\/?p=1640"},"modified":"2019-12-16T13:28:49","modified_gmt":"2019-12-16T12:28:49","slug":"esport-adaptat","status":"publish","type":"post","link":"https:\/\/agora.xtec.cat\/ceiplaromanica\/infantil-i-primaria\/primaria\/6e\/esport-adaptat\/","title":{"rendered":"Esport adaptat!"},"content":{"rendered":"<p>El passat dilluns 9 de desembre els alumnes de 6\u00e8 van poder gaudir d&#8217;una classe d&#8217;educaci\u00f3 f\u00edsica especial. Van rebre la visita de l&#8217;Ivan, un jugador de basquet\u00a0en cadira de rodes, que els va regalar una sessi\u00f3 de b\u00e0squet adaptat. D&#8217;aquesta manera, els alumnes van vivenciar aquest esport d&#8217;una manera inclusiva i integradora i van gaudir de l&#8217;experi\u00e8ncia.<\/p>\n<p><a href=\"https:\/\/agora.xtec.cat\/ceiplaromanica\/wp-content\/uploads\/usu1851\/2019\/12\/IMG_20191209_094312.jpg\"><img loading=\"lazy\" decoding=\"async\" class=\"alignnone wp-image-1641\" src=\"https:\/\/agora.xtec.cat\/ceiplaromanica\/wp-content\/uploads\/usu1851\/2019\/12\/IMG_20191209_094312-1024x765.jpg\" alt=\"\" width=\"638\" height=\"477\" srcset=\"https:\/\/agora.xtec.cat\/ceiplaromanica\/wp-content\/uploads\/usu1851\/2019\/12\/IMG_20191209_094312.jpg 1024w, https:\/\/agora.xtec.cat\/ceiplaromanica\/wp-content\/uploads\/usu1851\/2019\/12\/IMG_20191209_094312-300x224.jpg 300w, https:\/\/agora.xtec.cat\/ceiplaromanica\/wp-content\/uploads\/usu1851\/2019\/12\/IMG_20191209_094312-768x574.jpg 768w, https:\/\/agora.xtec.cat\/ceiplaromanica\/wp-content\/uploads\/usu1851\/2019\/12\/IMG_20191209_094312-200x150.jpg 200w\" sizes=\"auto, (max-width: 638px) 100vw, 638px\" \/><\/a><\/p>\n","protected":false},"excerpt":{"rendered":"<p>El passat dilluns 9 de desembre els alumnes de 6\u00e8 van poder gaudir d&#8217;una classe d&#8217;educaci\u00f3 f\u00edsica especial. Van rebre la visita de l&#8217;Ivan, un jugador de basquet\u00a0en cadira de rodes, que els va regalar una sessi\u00f3 de b\u00e0squet adaptat. D&#8217;aquesta manera, els alumnes van&hellip;  <a href=\"https:\/\/agora.xtec.cat\/ceiplaromanica\/infantil-i-primaria\/primaria\/6e\/esport-adaptat\/\" title=\"Read Esport adaptat!\">Llegeix m\u00e9s\u00bb<\/a><\/p>\n","protected":false},"author":1,"featured_media":1643,"comment_status":"open","ping_status":"closed","sticky":false,"template":"","format":"standard","meta":{"_bbp_topic_count":0,"_bbp_reply_count":0,"_bbp_total_topic_count":0,"_bbp_total_reply_count":0,"_bbp_voice_count":0,"_bbp_anonymous_reply_count":0,"_bbp_topic_count_hidden":0,"_bbp_reply_count_hidden":0,"_bbp_forum_subforum_count":0,"footnotes":""},"categories":[15],"tags":[],"class_list":["post-1640","post","type-post","status-publish","format-standard","has-post-thumbnail","hentry","category-6e"],"post_mailing_queue_ids":[],"_links":{"self":[{"href":"https:\/\/agora.xtec.cat\/ceiplaromanica\/wp-json\/wp\/v2\/posts\/1640","targetHints":{"allow":["GET"]}}],"collection":[{"href":"https:\/\/agora.xtec.cat\/ceiplaromanica\/wp-json\/wp\/v2\/posts"}],"about":[{"href":"https:\/\/agora.xtec.cat\/ceiplaromanica\/wp-json\/wp\/v2\/types\/post"}],"author":[{"embeddable":true,"href":"https:\/\/agora.xtec.cat\/ceiplaromanica\/wp-json\/wp\/v2\/users\/1"}],"replies":[{"embeddable":true,"href":"https:\/\/agora.xtec.cat\/ceiplaromanica\/wp-json\/wp\/v2\/comments?post=1640"}],"version-history":[{"count":1,"href":"https:\/\/agora.xtec.cat\/ceiplaromanica\/wp-json\/wp\/v2\/posts\/1640\/revisions"}],"predecessor-version":[{"id":1642,"href":"https:\/\/agora.xtec.cat\/ceiplaromanica\/wp-json\/wp\/v2\/posts\/1640\/revisions\/1642"}],"wp:featuredmedia":[{"embeddable":true,"href":"https:\/\/agora.xtec.cat\/ceiplaromanica\/wp-json\/wp\/v2\/media\/1643"}],"wp:attachment":[{"href":"https:\/\/agora.xtec.cat\/ceiplaromanica\/wp-json\/wp\/v2\/media?parent=1640"}],"wp:term":[{"taxonomy":"category","embeddable":true,"href":"https:\/\/agora.xtec.cat\/ceiplaromanica\/wp-json\/wp\/v2\/categories?post=1640"},{"taxonomy":"post_tag","embeddable":true,"href":"https:\/\/agora.xtec.cat\/ceiplaromanica\/wp-json\/wp\/v2\/tags?post=1640"}],"curies":[{"name":"wp","href":"https:\/\/api.w.org\/{rel}","templated":true}]}}