{"id":1593,"date":"2019-11-11T12:50:17","date_gmt":"2019-11-11T11:50:17","guid":{"rendered":"http:\/\/agora.xtec.cat\/ceiplaromanica\/?p=1593"},"modified":"2019-11-11T12:50:47","modified_gmt":"2019-11-11T11:50:47","slug":"els-graffitis","status":"publish","type":"post","link":"https:\/\/agora.xtec.cat\/ceiplaromanica\/infantil-i-primaria\/primaria\/5e\/els-graffitis\/","title":{"rendered":"Els Graffitis"},"content":{"rendered":"<h2>ENS POSEM EN MARXA!!<\/h2>\n<p>Les noies i nois de cinqu\u00e8 B hem decidit treballar el\u00a0 projecte <em>Els Graffitis. El primer que hem volgut fer ha estat saber exactament el que significava el concepte <strong>graffiti.<\/strong><\/em><\/p>\n<p><em>Despr\u00e9s de con\u00e8ixer el seu significat, hem destacat les paraules i expressions clau. Aix\u00f2 ens ha ajudat a resumir all\u00f2 que el caracteritza \u00a0i, per tant, a entendre\u2019l millor.<\/em><\/p>\n<p><em> <a href=\"https:\/\/agora.xtec.cat\/ceiplaromanica\/wp-content\/uploads\/usu1851\/2019\/11\/graffitis.jpg\"><img loading=\"lazy\" decoding=\"async\" class=\"alignnone wp-image-1594\" src=\"https:\/\/agora.xtec.cat\/ceiplaromanica\/wp-content\/uploads\/usu1851\/2019\/11\/graffitis.jpg\" alt=\"\" width=\"307\" height=\"124\" \/><\/a><\/em><\/p>\n<p>\u201cUn GRAFFITI \u00e9s un MISSATGE \u00a0ESCRIT o un DIBUIX pintat amb aerosol. \u00c9s una forma de pintura o ART VISUAL DE CARRER, generalment il\u00b7legal\u00a0 que ES REALITZA en GRANS SUPERF\u00cdCIES d\u2019espais urbans: parets, murs, \u2026<\/p>\n<p>El MISSATGE pot estar escrit PER PROTESTAR sobre alguna q\u00fcesti\u00f3 pol\u00edtica o\u00a0 social, per\u00f2 tamb\u00e9 pot estar escrit PER MOTIVACI\u00d3 ART\u00cdSTICA. Hi ha gent que pinta graffitis per a expressar la seva opini\u00f3\u201d.<\/p>\n<p>&nbsp;<\/p>\n<p style=\"text-align: right;\">\u00a0\u00a0\u00a0\u00a0\u00a0\u00a0\u00a0\u00a0\u00a0\u00a0\u00a0\u00a0\u00a0\u00a0\u00a0\u00a0\u00a0\u00a0\u00a0\u00a0\u00a0\u00a0\u00a0\u00a0\u00a0\u00a0\u00a0\u00a0\u00a0\u00a0\u00a0\u00a0\u00a0\u00a0\u00a0\u00a0\u00a0\u00a0\u00a0\u00a0\u00a0\u00a0\u00a0\u00a0\u00a0\u00a0\u00a0\u00a0\u00a0\u00a0\u00a0\u00a0\u00a0\u00a0\u00a0\u00a0\u00a0\u00a0\u00a0\u00a0\u00a0\u00a0\u00a0\u00a0\u00a0\u00a0\u00a0\u00a0\u00a0\u00a0\u00a0\u00a0\u00a0\u00a0\u00a0\u00a0\u00a0 Alumnat de cinqu\u00e8 B<\/p>\n","protected":false},"excerpt":{"rendered":"<p>ENS POSEM EN MARXA!!<br \/>\nLes noies i nois de cinqu\u00e8 B hem decidit treballar el\u00a0 projecte Els Graffitis. El primer que hem volgut fer ha estat saber exactament el que significava el concepte graffiti.<br \/>\nDespr\u00e9s de con\u00e8ixer el seu significat, hem destacat les paraules i expressions clau.&hellip;  <a href=\"https:\/\/agora.xtec.cat\/ceiplaromanica\/infantil-i-primaria\/primaria\/5e\/els-graffitis\/\" title=\"Read Els Graffitis\">Llegeix m\u00e9s\u00bb<\/a><\/p>\n","protected":false},"author":1,"featured_media":0,"comment_status":"open","ping_status":"closed","sticky":false,"template":"","format":"standard","meta":{"_bbp_topic_count":0,"_bbp_reply_count":0,"_bbp_total_topic_count":0,"_bbp_total_reply_count":0,"_bbp_voice_count":0,"_bbp_anonymous_reply_count":0,"_bbp_topic_count_hidden":0,"_bbp_reply_count_hidden":0,"_bbp_forum_subforum_count":0,"footnotes":""},"categories":[14],"tags":[],"class_list":["post-1593","post","type-post","status-publish","format-standard","hentry","category-5e"],"post_mailing_queue_ids":[],"_links":{"self":[{"href":"https:\/\/agora.xtec.cat\/ceiplaromanica\/wp-json\/wp\/v2\/posts\/1593","targetHints":{"allow":["GET"]}}],"collection":[{"href":"https:\/\/agora.xtec.cat\/ceiplaromanica\/wp-json\/wp\/v2\/posts"}],"about":[{"href":"https:\/\/agora.xtec.cat\/ceiplaromanica\/wp-json\/wp\/v2\/types\/post"}],"author":[{"embeddable":true,"href":"https:\/\/agora.xtec.cat\/ceiplaromanica\/wp-json\/wp\/v2\/users\/1"}],"replies":[{"embeddable":true,"href":"https:\/\/agora.xtec.cat\/ceiplaromanica\/wp-json\/wp\/v2\/comments?post=1593"}],"version-history":[{"count":1,"href":"https:\/\/agora.xtec.cat\/ceiplaromanica\/wp-json\/wp\/v2\/posts\/1593\/revisions"}],"predecessor-version":[{"id":1595,"href":"https:\/\/agora.xtec.cat\/ceiplaromanica\/wp-json\/wp\/v2\/posts\/1593\/revisions\/1595"}],"wp:attachment":[{"href":"https:\/\/agora.xtec.cat\/ceiplaromanica\/wp-json\/wp\/v2\/media?parent=1593"}],"wp:term":[{"taxonomy":"category","embeddable":true,"href":"https:\/\/agora.xtec.cat\/ceiplaromanica\/wp-json\/wp\/v2\/categories?post=1593"},{"taxonomy":"post_tag","embeddable":true,"href":"https:\/\/agora.xtec.cat\/ceiplaromanica\/wp-json\/wp\/v2\/tags?post=1593"}],"curies":[{"name":"wp","href":"https:\/\/api.w.org\/{rel}","templated":true}]}}