{"id":1332,"date":"2019-05-13T11:29:32","date_gmt":"2019-05-13T09:29:32","guid":{"rendered":"http:\/\/agora.xtec.cat\/ceiplaromanica\/?p=1332"},"modified":"2019-05-13T11:29:32","modified_gmt":"2019-05-13T09:29:32","slug":"masia-can-deu","status":"publish","type":"post","link":"https:\/\/agora.xtec.cat\/ceiplaromanica\/general\/masia-can-deu\/","title":{"rendered":"Masia Can Deu"},"content":{"rendered":"<p>El 30 d&#8217;abril els i les alumnes de 4t vam anar d&#8217;excursi\u00f3 a la Masia de Can Deu. All\u00e0 ens van explicar la feina del pag\u00e8s i les eines que feia servir per conrear la terra.\u00a0 Vam aprendre tamb\u00e9 quins s\u00f3n els ingredients per fer pa, vam fer la massa i vam el\u00b7laborar galetes de pa amb diferents formes.<\/p>\n\n","protected":false},"excerpt":{"rendered":"<p>El 30 d&#8217;abril els i les alumnes de 4t vam anar d&#8217;excursi\u00f3 a la Masia de Can Deu. All\u00e0 ens van explicar la feina del pag\u00e8s i les eines que feia servir per conrear la terra.\u00a0 Vam aprendre tamb\u00e9 quins s\u00f3n els ingredients per fer&hellip;  <a href=\"https:\/\/agora.xtec.cat\/ceiplaromanica\/general\/masia-can-deu\/\" title=\"Read Masia Can Deu\">Llegeix m\u00e9s\u00bb<\/a><\/p>\n","protected":false},"author":1,"featured_media":0,"comment_status":"open","ping_status":"closed","sticky":false,"template":"","format":"standard","meta":{"_bbp_topic_count":0,"_bbp_reply_count":0,"_bbp_total_topic_count":0,"_bbp_total_reply_count":0,"_bbp_voice_count":0,"_bbp_anonymous_reply_count":0,"_bbp_topic_count_hidden":0,"_bbp_reply_count_hidden":0,"_bbp_forum_subforum_count":0,"footnotes":""},"categories":[13,1,5],"tags":[],"class_list":["post-1332","post","type-post","status-publish","format-standard","hentry","category-4t","category-general","category-primaria"],"post_mailing_queue_ids":[],"_links":{"self":[{"href":"https:\/\/agora.xtec.cat\/ceiplaromanica\/wp-json\/wp\/v2\/posts\/1332","targetHints":{"allow":["GET"]}}],"collection":[{"href":"https:\/\/agora.xtec.cat\/ceiplaromanica\/wp-json\/wp\/v2\/posts"}],"about":[{"href":"https:\/\/agora.xtec.cat\/ceiplaromanica\/wp-json\/wp\/v2\/types\/post"}],"author":[{"embeddable":true,"href":"https:\/\/agora.xtec.cat\/ceiplaromanica\/wp-json\/wp\/v2\/users\/1"}],"replies":[{"embeddable":true,"href":"https:\/\/agora.xtec.cat\/ceiplaromanica\/wp-json\/wp\/v2\/comments?post=1332"}],"version-history":[{"count":2,"href":"https:\/\/agora.xtec.cat\/ceiplaromanica\/wp-json\/wp\/v2\/posts\/1332\/revisions"}],"predecessor-version":[{"id":1335,"href":"https:\/\/agora.xtec.cat\/ceiplaromanica\/wp-json\/wp\/v2\/posts\/1332\/revisions\/1335"}],"wp:attachment":[{"href":"https:\/\/agora.xtec.cat\/ceiplaromanica\/wp-json\/wp\/v2\/media?parent=1332"}],"wp:term":[{"taxonomy":"category","embeddable":true,"href":"https:\/\/agora.xtec.cat\/ceiplaromanica\/wp-json\/wp\/v2\/categories?post=1332"},{"taxonomy":"post_tag","embeddable":true,"href":"https:\/\/agora.xtec.cat\/ceiplaromanica\/wp-json\/wp\/v2\/tags?post=1332"}],"curies":[{"name":"wp","href":"https:\/\/api.w.org\/{rel}","templated":true}]}}