{"id":1107,"date":"2019-03-08T16:19:55","date_gmt":"2019-03-08T15:19:55","guid":{"rendered":"http:\/\/agora.xtec.cat\/ceiplaromanica\/?p=1107"},"modified":"2019-03-08T16:19:55","modified_gmt":"2019-03-08T15:19:55","slug":"sortida-la-granja-p3","status":"publish","type":"post","link":"https:\/\/agora.xtec.cat\/ceiplaromanica\/infantil-i-primaria\/infantil\/i3\/sortida-la-granja-p3\/","title":{"rendered":"Sortida la Granja P3"},"content":{"rendered":"<p>Els nens i les nenes de P3 hem anat d&#8217;excursi\u00f3 a la granja Can Jordi de Rub\u00ed.<\/p>\n<p>Hem vist vaques, porquets, ovelles, cabres, conills, \u00e0necs, oques, un pa\u00f3, cavalls, un poni i un ruc molt simp\u00e0tic que es diu Pepe.<\/p>\n<p>Hem pujat a un carro i tamb\u00e9 a cavall. Ens ho hem passat molt b\u00e9!<\/p>\n\n","protected":false},"excerpt":{"rendered":"<p>Els nens i les nenes de P3 hem anat d&#8217;excursi\u00f3 a la granja Can Jordi de Rub\u00ed.<br \/>\nHem vist vaques, porquets, ovelles, cabres, conills, \u00e0necs, oques, un pa\u00f3, cavalls, un poni i un ruc molt simp\u00e0tic que es diu Pepe.<br \/>\nHem pujat a un carro i tamb\u00e9&hellip;  <a href=\"https:\/\/agora.xtec.cat\/ceiplaromanica\/infantil-i-primaria\/infantil\/i3\/sortida-la-granja-p3\/\" title=\"Read Sortida la Granja P3\">Llegeix m\u00e9s\u00bb<\/a><\/p>\n","protected":false},"author":1,"featured_media":0,"comment_status":"open","ping_status":"closed","sticky":false,"template":"","format":"standard","meta":{"_bbp_topic_count":0,"_bbp_reply_count":0,"_bbp_total_topic_count":0,"_bbp_total_reply_count":0,"_bbp_voice_count":0,"_bbp_anonymous_reply_count":0,"_bbp_topic_count_hidden":0,"_bbp_reply_count_hidden":0,"_bbp_forum_subforum_count":0,"footnotes":""},"categories":[3],"tags":[],"class_list":["post-1107","post","type-post","status-publish","format-standard","hentry","category-i3"],"post_mailing_queue_ids":[],"_links":{"self":[{"href":"https:\/\/agora.xtec.cat\/ceiplaromanica\/wp-json\/wp\/v2\/posts\/1107","targetHints":{"allow":["GET"]}}],"collection":[{"href":"https:\/\/agora.xtec.cat\/ceiplaromanica\/wp-json\/wp\/v2\/posts"}],"about":[{"href":"https:\/\/agora.xtec.cat\/ceiplaromanica\/wp-json\/wp\/v2\/types\/post"}],"author":[{"embeddable":true,"href":"https:\/\/agora.xtec.cat\/ceiplaromanica\/wp-json\/wp\/v2\/users\/1"}],"replies":[{"embeddable":true,"href":"https:\/\/agora.xtec.cat\/ceiplaromanica\/wp-json\/wp\/v2\/comments?post=1107"}],"version-history":[{"count":1,"href":"https:\/\/agora.xtec.cat\/ceiplaromanica\/wp-json\/wp\/v2\/posts\/1107\/revisions"}],"predecessor-version":[{"id":1108,"href":"https:\/\/agora.xtec.cat\/ceiplaromanica\/wp-json\/wp\/v2\/posts\/1107\/revisions\/1108"}],"wp:attachment":[{"href":"https:\/\/agora.xtec.cat\/ceiplaromanica\/wp-json\/wp\/v2\/media?parent=1107"}],"wp:term":[{"taxonomy":"category","embeddable":true,"href":"https:\/\/agora.xtec.cat\/ceiplaromanica\/wp-json\/wp\/v2\/categories?post=1107"},{"taxonomy":"post_tag","embeddable":true,"href":"https:\/\/agora.xtec.cat\/ceiplaromanica\/wp-json\/wp\/v2\/tags?post=1107"}],"curies":[{"name":"wp","href":"https:\/\/api.w.org\/{rel}","templated":true}]}}