{"id":1067,"date":"2019-02-28T21:02:57","date_gmt":"2019-02-28T20:02:57","guid":{"rendered":"http:\/\/agora.xtec.cat\/ceiplaromanica\/?p=1067"},"modified":"2019-02-28T21:24:03","modified_gmt":"2019-02-28T20:24:03","slug":"tercera-consigna-i-festa-de-carnaval","status":"publish","type":"post","link":"https:\/\/agora.xtec.cat\/ceiplaromanica\/portada\/tercera-consigna-i-festa-de-carnaval\/","title":{"rendered":"Tercera consigna i festa de Carnaval"},"content":{"rendered":"<p>Ja tenim la tercera i \u00faltima consigna!<\/p>\n<p style=\"text-align: center;\"><strong>UN COLLARET CASSOL\u00c0 BEN LLIGAT, <\/strong><\/p>\n<p style=\"text-align: center;\"><strong>DEL TEU COLL ANIR\u00c0 PENJAT!<\/strong><\/p>\n<p>SI NO OBEEIXES AL REI CARNESTOLTES, LA CARA PINTADA PORTAR\u00c0S!<\/p>\n<h5>A les 15:30 h de la tarda, comen\u00e7ar\u00e0 la desfilada on els nens i nenes ens mostraran la seva disfressa elaborada per ells mateixos sobre la tem\u00e0tica del projecte d&#8217;aula.<\/h5>\n<p><a href=\"https:\/\/agora.xtec.cat\/ceiplaromanica\/wp-content\/uploads\/usu1851\/2019\/02\/DSC03849.jpg\"><img loading=\"lazy\" decoding=\"async\" class=\"wp-image-1056 aligncenter\" src=\"https:\/\/agora.xtec.cat\/ceiplaromanica\/wp-content\/uploads\/usu1851\/2019\/02\/DSC03849-768x1024.jpg\" alt=\"\" width=\"194\" height=\"258\" srcset=\"https:\/\/agora.xtec.cat\/ceiplaromanica\/wp-content\/uploads\/usu1851\/2019\/02\/DSC03849-768x1024.jpg 768w, https:\/\/agora.xtec.cat\/ceiplaromanica\/wp-content\/uploads\/usu1851\/2019\/02\/DSC03849-225x300.jpg 225w, https:\/\/agora.xtec.cat\/ceiplaromanica\/wp-content\/uploads\/usu1851\/2019\/02\/DSC03849.jpg 1024w\" sizes=\"auto, (max-width: 194px) 100vw, 194px\" \/><\/a><\/p>\n","protected":false},"excerpt":{"rendered":"<p>Ja tenim la tercera i \u00faltima consigna!<br \/>\nUN COLLARET CASSOL\u00c0 BEN LLIGAT,<br \/>\nDEL TEU COLL ANIR\u00c0 PENJAT!<br \/>\nSI NO OBEEIXES AL REI CARNESTOLTES, LA CARA PINTADA PORTAR\u00c0S!<br \/>\nA les 15:30 h de la tarda, comen\u00e7ar\u00e0 la desfilada on els nens i nenes ens mostraran la seva disfressa elaborada&hellip;  <a href=\"https:\/\/agora.xtec.cat\/ceiplaromanica\/portada\/tercera-consigna-i-festa-de-carnaval\/\" title=\"Read Tercera consigna i festa de Carnaval\">Llegeix m\u00e9s\u00bb<\/a><\/p>\n","protected":false},"author":1,"featured_media":0,"comment_status":"open","ping_status":"closed","sticky":false,"template":"","format":"standard","meta":{"_bbp_topic_count":0,"_bbp_reply_count":0,"_bbp_total_topic_count":0,"_bbp_total_reply_count":0,"_bbp_voice_count":0,"_bbp_anonymous_reply_count":0,"_bbp_topic_count_hidden":0,"_bbp_reply_count_hidden":0,"_bbp_forum_subforum_count":0,"footnotes":""},"categories":[4],"tags":[74,73,75,76],"class_list":["post-1067","post","type-post","status-publish","format-standard","hentry","category-portada","tag-carnaval","tag-carnestoltes","tag-consignes","tag-festa"],"post_mailing_queue_ids":[],"_links":{"self":[{"href":"https:\/\/agora.xtec.cat\/ceiplaromanica\/wp-json\/wp\/v2\/posts\/1067","targetHints":{"allow":["GET"]}}],"collection":[{"href":"https:\/\/agora.xtec.cat\/ceiplaromanica\/wp-json\/wp\/v2\/posts"}],"about":[{"href":"https:\/\/agora.xtec.cat\/ceiplaromanica\/wp-json\/wp\/v2\/types\/post"}],"author":[{"embeddable":true,"href":"https:\/\/agora.xtec.cat\/ceiplaromanica\/wp-json\/wp\/v2\/users\/1"}],"replies":[{"embeddable":true,"href":"https:\/\/agora.xtec.cat\/ceiplaromanica\/wp-json\/wp\/v2\/comments?post=1067"}],"version-history":[{"count":3,"href":"https:\/\/agora.xtec.cat\/ceiplaromanica\/wp-json\/wp\/v2\/posts\/1067\/revisions"}],"predecessor-version":[{"id":1070,"href":"https:\/\/agora.xtec.cat\/ceiplaromanica\/wp-json\/wp\/v2\/posts\/1067\/revisions\/1070"}],"wp:attachment":[{"href":"https:\/\/agora.xtec.cat\/ceiplaromanica\/wp-json\/wp\/v2\/media?parent=1067"}],"wp:term":[{"taxonomy":"category","embeddable":true,"href":"https:\/\/agora.xtec.cat\/ceiplaromanica\/wp-json\/wp\/v2\/categories?post=1067"},{"taxonomy":"post_tag","embeddable":true,"href":"https:\/\/agora.xtec.cat\/ceiplaromanica\/wp-json\/wp\/v2\/tags?post=1067"}],"curies":[{"name":"wp","href":"https:\/\/api.w.org\/{rel}","templated":true}]}}