{"id":70,"count":31,"description":"<header class=\"page-header\">\r\n<h2>Psicomotricitat a Infantil<\/h2>\r\nLa psicomotricitat \u00e9s una activitat fonamental com a recurs pedag\u00f2gic d\u2019ajuda de la maduraci\u00f3, \u00e9s l\u2019acci\u00f3 del sistema nervi\u00f3s central que crea una consci\u00e8ncia en l\u2019\u00e9sser hum\u00e0 sobre moviments que realitza a trav\u00e9s dels patrons motors. La psicomotricitat t\u00e9 una gran import\u00e0ncia en les cont\u00ednues adquisicions, dels infants en el seu desenvolupament afectiu, social, cognitiu, etc.\r\n\r\nLa motricitat dels infants \u00e9s constitu\u00efda per un proc\u00e9s intel\u00b7ligent i conscient permetent als nens posar en joc, conjuntament, habilitats cognitives, motrius, afectives, socials i ling\u00fc\u00edstiques.\r\n\r\nPer mitj\u00e0 d\u2019experts com Wallon, Piaget, Ajuriaguerra, Vigotsky, Pic i Vayer, Aucouturier i Lapierre, i Levin, entre uns altres, sabem que s\u00f3n molt importants les primeres experi\u00e8ncies de vida, i que en la construcci\u00f3 de la personalitat intervenen factors complexos en els quals el cos, a trav\u00e9s del moviment, del contacte, de les seves accions, produccions i reaccions, es converteix en eix vertebrador o instrument facilitador del desenvolupament harm\u00f2nic de la criatura, i en l\u2019inici d\u2019una construcci\u00f3 satisfact\u00f2ria de la seva identitat.\r\n<h3 class=\"page-title\">Piscina<\/h3>\r\n<\/header>\r\n<div class=\"entry-content\">\r\n\r\nEls alumnes de 1r i 2n anem a piscina tots els dijous a la tarda. La piscina est\u00e0 molt aprop de l\u2019escola al Poliesportiu de la Verneda. La nataci\u00f3 \u00e9s una de les activitats esportives m\u00e9s completes. Amb aquest esport es treballa i exercita el cos, la coordinaci\u00f3 motora i el sistema circulatori i respiratori. A dem\u00e9s del desenvolupament de la independ\u00e8ncia i auto-confian\u00e7a.\r\n\r\n&nbsp;\r\n<div id=\"main\"><\/div>\r\n<div id=\"jp-post-flair\" class=\"sharedaddy sd-like-enabled sd-sharing-enabled\"><\/div>\r\n<\/div>","link":"https:\/\/agora.xtec.cat\/ceiplapaubcn\/categoria\/educacio-fisica-i-psicomotricitat\/","name":"Educaci\u00f3 f\u00edsica i psicomotricitat","slug":"educacio-fisica-i-psicomotricitat","taxonomy":"category","parent":0,"meta":[],"_links":{"self":[{"href":"https:\/\/agora.xtec.cat\/ceiplapaubcn\/wp-json\/wp\/v2\/categories\/70","targetHints":{"allow":["GET"]}}],"collection":[{"href":"https:\/\/agora.xtec.cat\/ceiplapaubcn\/wp-json\/wp\/v2\/categories"}],"about":[{"href":"https:\/\/agora.xtec.cat\/ceiplapaubcn\/wp-json\/wp\/v2\/taxonomies\/category"}],"wp:post_type":[{"href":"https:\/\/agora.xtec.cat\/ceiplapaubcn\/wp-json\/wp\/v2\/posts?categories=70"}],"curies":[{"name":"wp","href":"https:\/\/api.w.org\/{rel}","templated":true}]}}