{"id":9144,"date":"2022-05-18T15:05:32","date_gmt":"2022-05-18T13:05:32","guid":{"rendered":"https:\/\/agora.xtec.cat\/ceiplanovaelectra\/?p=9144"},"modified":"2022-05-19T09:15:59","modified_gmt":"2022-05-19T07:15:59","slug":"el-conte-de-la-primavera","status":"publish","type":"post","link":"https:\/\/agora.xtec.cat\/ceiplanovaelectra\/portada\/el-conte-de-la-primavera\/","title":{"rendered":"El conte de la primavera"},"content":{"rendered":"<p><strong>La primavera ha arribat i un conte ens ha portat!<\/strong><\/p>\n<p>Els nens i nenes de P4 hem representat amb titelles un conte molt bonic, &#8220;<em>El conte de la primavera<\/em>&#8220;.<\/p>\n<p><a href=\"https:\/\/photos.app.goo.gl\/WFU9wFWKMkcEZT8T9\"><img loading=\"lazy\" decoding=\"async\" class=\"wp-image-9145 alignleft\" src=\"https:\/\/agora.xtec.cat\/ceiplanovaelectra\/wp-content\/uploads\/usu1276\/2022\/05\/papallona.jpg\" alt=\"\" width=\"175\" height=\"157\" srcset=\"https:\/\/agora.xtec.cat\/ceiplanovaelectra\/wp-content\/uploads\/usu1276\/2022\/05\/papallona.jpg 320w, https:\/\/agora.xtec.cat\/ceiplanovaelectra\/wp-content\/uploads\/usu1276\/2022\/05\/papallona-300x269.jpg 300w\" sizes=\"auto, (max-width: 175px) 100vw, 175px\" \/><\/a><\/p>\n<p>&nbsp;<\/p>\n<p>&nbsp;<\/p>\n<p>&nbsp;<\/p>\n<p>Si cliqueu a sobre de la papallona, podreu veure algunes fotografies.<\/p>\n<p>I aqu\u00ed teniu el v\u00eddeo del conte per veure&#8217;l a casa amb els vostres fills i filles. De segur que us ho passareu d&#8217;all\u00f2 m\u00e9s b\u00e9!<\/p>\n<p><iframe loading=\"lazy\" title=\"YouTube video player\" src=\"\/\/www.youtube.com\/embed\/-tTjrShUmZM\" width=\"420\" height=\"315\" frameborder=\"0\"><\/iframe><\/p>\n<p>&nbsp;<\/p>\n","protected":false},"excerpt":{"rendered":"<p>La primavera ha arribat i un conte ens ha portat!<br \/>\nEls nens i nenes de P4 hem representat amb titelles un conte molt bonic, &#8220;El conte de la primavera&#8220;.<br \/>\n<a href=\"https:\/\/photos.app.goo.gl\/WFU9wFWKMkcEZT8T9\"><\/a><br \/>\n&nbsp;<br \/>\n&nbsp;<br \/>\n&nbsp;<br \/>\nSi cliqueu a sobre de la papallona, podreu veure algunes fotografies.<br \/>\nI aqu\u00ed teniu el v\u00eddeo del conte&hellip;  <a href=\"https:\/\/agora.xtec.cat\/ceiplanovaelectra\/portada\/el-conte-de-la-primavera\/\" title=\"Read El conte de la primavera\">Llegeix m\u00e9s\u00bb<\/a><\/p>\n","protected":false},"author":2,"featured_media":9157,"comment_status":"closed","ping_status":"closed","sticky":false,"template":"","format":"standard","meta":{"_bbp_topic_count":0,"_bbp_reply_count":0,"_bbp_total_topic_count":0,"_bbp_total_reply_count":0,"_bbp_voice_count":0,"_bbp_anonymous_reply_count":0,"_bbp_topic_count_hidden":0,"_bbp_reply_count_hidden":0,"_bbp_forum_subforum_count":0,"footnotes":""},"categories":[8,100,4],"tags":[],"class_list":["post-9144","post","type-post","status-publish","format-standard","has-post-thumbnail","hentry","category-i4","category-infantil","category-portada"],"post_mailing_queue_ids":[],"_links":{"self":[{"href":"https:\/\/agora.xtec.cat\/ceiplanovaelectra\/wp-json\/wp\/v2\/posts\/9144","targetHints":{"allow":["GET"]}}],"collection":[{"href":"https:\/\/agora.xtec.cat\/ceiplanovaelectra\/wp-json\/wp\/v2\/posts"}],"about":[{"href":"https:\/\/agora.xtec.cat\/ceiplanovaelectra\/wp-json\/wp\/v2\/types\/post"}],"author":[{"embeddable":true,"href":"https:\/\/agora.xtec.cat\/ceiplanovaelectra\/wp-json\/wp\/v2\/users\/2"}],"replies":[{"embeddable":true,"href":"https:\/\/agora.xtec.cat\/ceiplanovaelectra\/wp-json\/wp\/v2\/comments?post=9144"}],"version-history":[{"count":4,"href":"https:\/\/agora.xtec.cat\/ceiplanovaelectra\/wp-json\/wp\/v2\/posts\/9144\/revisions"}],"predecessor-version":[{"id":9187,"href":"https:\/\/agora.xtec.cat\/ceiplanovaelectra\/wp-json\/wp\/v2\/posts\/9144\/revisions\/9187"}],"wp:featuredmedia":[{"embeddable":true,"href":"https:\/\/agora.xtec.cat\/ceiplanovaelectra\/wp-json\/wp\/v2\/media\/9157"}],"wp:attachment":[{"href":"https:\/\/agora.xtec.cat\/ceiplanovaelectra\/wp-json\/wp\/v2\/media?parent=9144"}],"wp:term":[{"taxonomy":"category","embeddable":true,"href":"https:\/\/agora.xtec.cat\/ceiplanovaelectra\/wp-json\/wp\/v2\/categories?post=9144"},{"taxonomy":"post_tag","embeddable":true,"href":"https:\/\/agora.xtec.cat\/ceiplanovaelectra\/wp-json\/wp\/v2\/tags?post=9144"}],"curies":[{"name":"wp","href":"https:\/\/api.w.org\/{rel}","templated":true}]}}