{"id":7234,"date":"2021-05-14T09:18:31","date_gmt":"2021-05-14T07:18:31","guid":{"rendered":"https:\/\/agora.xtec.cat\/ceiplanovaelectra\/?p=7234"},"modified":"2021-05-14T09:20:23","modified_gmt":"2021-05-14T07:20:23","slug":"1r-activitats-de-medi","status":"publish","type":"post","link":"https:\/\/agora.xtec.cat\/ceiplanovaelectra\/entorn-daprenentatge\/1r-activitats-de-medi\/","title":{"rendered":"1r: Activitats de medi"},"content":{"rendered":"<p>Hola fam\u00edlies!<\/p>\n<p>Aquesta setmana\u00a0 hem comen\u00e7at a treballar el tema dels \u00e9ssers vius i els \u00e9ssers inerts. Us deixem uns enlla\u00e7os amb algunes activitats per practicar a casa.<\/p>\n<p>Esperem que us agradin!<\/p>\n<p>&nbsp;<\/p>\n<p>&nbsp;<\/p>\n<p>Cliqueu sobre les imatges per realitzar les diferents activitats.<\/p>\n<p><a href=\"https:\/\/es.liveworksheets.com\/c?a=c&amp;m=n&amp;sr=y&amp;is=y&amp;ia=y&amp;l=qf&amp;i=uxtnfcs&amp;r=sd&amp;db=0&amp;f=dzduzfuz&amp;cd=kliiitexmzlekppn2ngnxgexg\" target=\"_blank\" rel=\"noopener noreferrer\"> <img loading=\"lazy\" decoding=\"async\" class=\"alignnone wp-image-7236\" src=\"https:\/\/agora.xtec.cat\/ceiplanovaelectra\/wp-content\/uploads\/usu1276\/2021\/05\/diversitat-1024x763.jpg\" alt=\"\" width=\"150\" height=\"112\" srcset=\"https:\/\/agora.xtec.cat\/ceiplanovaelectra\/wp-content\/uploads\/usu1276\/2021\/05\/diversitat-1024x763.jpg 1024w, https:\/\/agora.xtec.cat\/ceiplanovaelectra\/wp-content\/uploads\/usu1276\/2021\/05\/diversitat-300x224.jpg 300w, https:\/\/agora.xtec.cat\/ceiplanovaelectra\/wp-content\/uploads\/usu1276\/2021\/05\/diversitat-768x572.jpg 768w, https:\/\/agora.xtec.cat\/ceiplanovaelectra\/wp-content\/uploads\/usu1276\/2021\/05\/diversitat-200x150.jpg 200w, https:\/\/agora.xtec.cat\/ceiplanovaelectra\/wp-content\/uploads\/usu1276\/2021\/05\/diversitat.jpg 1385w\" sizes=\"auto, (max-width: 150px) 100vw, 150px\" \/> <\/a><\/p>\n<p><a href=\"https:\/\/es.liveworksheets.com\/c?a=c&amp;m=n&amp;sr=y&amp;is=y&amp;ia=y&amp;l=ie&amp;i=utuunct&amp;r=zu&amp;db=0&amp;f=dzduzfuz&amp;cd=kliiiorxzxxlkzgx2ngnxgexg\" target=\"_blank\" rel=\"noopener noreferrer\"><img loading=\"lazy\" decoding=\"async\" class=\"alignnone wp-image-7237\" src=\"https:\/\/agora.xtec.cat\/ceiplanovaelectra\/wp-content\/uploads\/usu1276\/2021\/05\/zen-stability-balance-cobblestone-harmony-meditation-rock-stone-order-680x1024.jpg\" alt=\"\" width=\"107\" height=\"161\" srcset=\"https:\/\/agora.xtec.cat\/ceiplanovaelectra\/wp-content\/uploads\/usu1276\/2021\/05\/zen-stability-balance-cobblestone-harmony-meditation-rock-stone-order-680x1024.jpg 680w, https:\/\/agora.xtec.cat\/ceiplanovaelectra\/wp-content\/uploads\/usu1276\/2021\/05\/zen-stability-balance-cobblestone-harmony-meditation-rock-stone-order-199x300.jpg 199w, https:\/\/agora.xtec.cat\/ceiplanovaelectra\/wp-content\/uploads\/usu1276\/2021\/05\/zen-stability-balance-cobblestone-harmony-meditation-rock-stone-order-768x1156.jpg 768w, https:\/\/agora.xtec.cat\/ceiplanovaelectra\/wp-content\/uploads\/usu1276\/2021\/05\/zen-stability-balance-cobblestone-harmony-meditation-rock-stone-order.jpg 880w\" sizes=\"auto, (max-width: 107px) 100vw, 107px\" \/><\/a><\/p>\n<p>&nbsp;<\/p>\n","protected":false},"excerpt":{"rendered":"<p>Hola fam\u00edlies!<br \/>\nAquesta setmana\u00a0 hem comen\u00e7at a treballar el tema dels \u00e9ssers vius i els \u00e9ssers inerts. Us deixem uns enlla\u00e7os amb algunes activitats per practicar a casa.<br \/>\nEsperem que us agradin!<br \/>\n&nbsp;<br \/>\n&nbsp;<br \/>\nCliqueu sobre les imatges per realitzar les diferents activitats.<br \/>\n<a href=\"https:\/\/es.liveworksheets.com\/c?a=c&amp;m=n&amp;sr=y&amp;is=y&amp;ia=y&amp;l=qf&amp;i=uxtnfcs&amp;r=sd&amp;db=0&amp;f=dzduzfuz&amp;cd=kliiitexmzlekppn2ngnxgexg\" target=\"_blank\" rel=\"noopener noreferrer\">  <\/a><br \/>\n<a href=\"https:\/\/es.liveworksheets.com\/c?a=c&amp;m=n&amp;sr=y&amp;is=y&amp;ia=y&amp;l=ie&amp;i=utuunct&amp;r=zu&amp;db=0&amp;f=dzduzfuz&amp;cd=kliiiorxzxxlkzgx2ngnxgexg\"&hellip;  <a href=\"https:\/\/agora.xtec.cat\/ceiplanovaelectra\/entorn-daprenentatge\/1r-activitats-de-medi\/\" title=\"Read 1r: Activitats de medi\">Llegeix m\u00e9s\u00bb<\/a><\/p>\n","protected":false},"author":58,"featured_media":7235,"comment_status":"closed","ping_status":"closed","sticky":false,"template":"","format":"standard","meta":{"_bbp_topic_count":0,"_bbp_reply_count":0,"_bbp_total_topic_count":0,"_bbp_total_reply_count":0,"_bbp_voice_count":0,"_bbp_anonymous_reply_count":0,"_bbp_topic_count_hidden":0,"_bbp_reply_count_hidden":0,"_bbp_forum_subforum_count":0,"footnotes":""},"categories":[77,73],"tags":[],"class_list":["post-7234","post","type-post","status-publish","format-standard","has-post-thumbnail","hentry","category-aula-1r","category-entorn-daprenentatge"],"post_mailing_queue_ids":[],"_links":{"self":[{"href":"https:\/\/agora.xtec.cat\/ceiplanovaelectra\/wp-json\/wp\/v2\/posts\/7234","targetHints":{"allow":["GET"]}}],"collection":[{"href":"https:\/\/agora.xtec.cat\/ceiplanovaelectra\/wp-json\/wp\/v2\/posts"}],"about":[{"href":"https:\/\/agora.xtec.cat\/ceiplanovaelectra\/wp-json\/wp\/v2\/types\/post"}],"author":[{"embeddable":true,"href":"https:\/\/agora.xtec.cat\/ceiplanovaelectra\/wp-json\/wp\/v2\/users\/58"}],"replies":[{"embeddable":true,"href":"https:\/\/agora.xtec.cat\/ceiplanovaelectra\/wp-json\/wp\/v2\/comments?post=7234"}],"version-history":[{"count":2,"href":"https:\/\/agora.xtec.cat\/ceiplanovaelectra\/wp-json\/wp\/v2\/posts\/7234\/revisions"}],"predecessor-version":[{"id":7275,"href":"https:\/\/agora.xtec.cat\/ceiplanovaelectra\/wp-json\/wp\/v2\/posts\/7234\/revisions\/7275"}],"wp:featuredmedia":[{"embeddable":true,"href":"https:\/\/agora.xtec.cat\/ceiplanovaelectra\/wp-json\/wp\/v2\/media\/7235"}],"wp:attachment":[{"href":"https:\/\/agora.xtec.cat\/ceiplanovaelectra\/wp-json\/wp\/v2\/media?parent=7234"}],"wp:term":[{"taxonomy":"category","embeddable":true,"href":"https:\/\/agora.xtec.cat\/ceiplanovaelectra\/wp-json\/wp\/v2\/categories?post=7234"},{"taxonomy":"post_tag","embeddable":true,"href":"https:\/\/agora.xtec.cat\/ceiplanovaelectra\/wp-json\/wp\/v2\/tags?post=7234"}],"curies":[{"name":"wp","href":"https:\/\/api.w.org\/{rel}","templated":true}]}}