{"id":3551,"date":"2020-05-21T20:00:07","date_gmt":"2020-05-21T18:00:07","guid":{"rendered":"https:\/\/agora.xtec.cat\/ceiplanovaelectra\/?p=3551"},"modified":"2020-05-21T20:00:07","modified_gmt":"2020-05-21T18:00:07","slug":"4t-activitats-setmana-8","status":"publish","type":"post","link":"https:\/\/agora.xtec.cat\/ceiplanovaelectra\/entorn-daprenentatge\/aula-4t\/4t-activitats-setmana-8\/","title":{"rendered":"4t activitats setmana 8"},"content":{"rendered":"<p>Hola nenes i nens de 4t !!<\/p>\n<p><a href=\"https:\/\/agora.xtec.cat\/ceiplanovaelectra\/wp-content\/uploads\/usu1276\/2020\/05\/4t-Setmana-8.pdf\"><img loading=\"lazy\" decoding=\"async\" class=\"wp-image-2570 alignleft\" src=\"https:\/\/agora.xtec.cat\/ceiplanovaelectra\/wp-content\/uploads\/usu1276\/2020\/04\/Icona-document.png\" alt=\"\" width=\"42\" height=\"46\" \/><\/a>Aqu\u00ed teniu les activitats per fer durant la vuitena setmana. Recordeu que hi ha activitats que heu de retornar al mestre o a la mestra que us ho demani, per tal de poder ser avaluades.<\/p>\n<p>Per a qui faci religi\u00f3 cat\u00f2lica, heu de fer les activitats d\u2019aquest document.<a href=\"https:\/\/agora.xtec.cat\/ceiplanovaelectra\/wp-content\/uploads\/usu1276\/2020\/05\/2-set-Reli-CM.pdf\"><img loading=\"lazy\" decoding=\"async\" class=\"wp-image-2570 aligncenter\" src=\"https:\/\/agora.xtec.cat\/ceiplanovaelectra\/wp-content\/uploads\/usu1276\/2020\/04\/Icona-document.png\" alt=\"\" width=\"42\" height=\"46\" \/><\/a><\/p>\n<p><u>Us agrair\u00edem que envieu les activitats abans de dijous 28 de maig.<\/u><\/p>\n<p>&nbsp;<\/p>\n<p>Les activitats avaluables d&#8217;aquest document s\u00f3n:<\/p>\n<ul>\n<li><strong>Quadrats m\u00e0gics (\u00e0mbit matem\u00e0tiques)<\/strong><\/li>\n<li><strong>Recepta d\u2019una poci\u00f3 m\u00e0gica i comprensi\u00f3 lectora (\u00e0mbit llengua catalana)<\/strong><\/li>\n<li><strong>Animals m\u00e0gics (\u00e0mbit expressi\u00f3 pl\u00e0stica)<\/strong><\/li>\n<\/ul>\n<p>I les heu d&#8217;enviar a:<\/p>\n<ul>\n<li>Els nens i nenes de 4t A, a la M\u00aa Jos\u00e9 (<a href=\"mailto:mcanalis@xtec.cat\">mcanalis@xtec.cat<\/a>).<\/li>\n<li>Els nens i nenes de 4t B, a la Maria (<a href=\"mailto:mcabre9@xtec.cat\">mcabre9@xtec.cat<\/a>).<\/li>\n<li>Els nens i nenes de 4t C, a la Laura (<a href=\"mailto:lsantos5@xtec.cat\">lsantos5@xtec.cat<\/a>).<\/li>\n<\/ul>\n<p>&nbsp;<\/p>\n<p>Les activitats avaluables de<\/p>\n<ul>\n<li><strong>\u00c0mbit llengua Castellana (lectura y comprensi\u00f3n), <\/strong><\/li>\n<li><strong>Angl\u00e8s (\u201c<\/strong><strong>My m\u00e0gic story<\/strong><strong>\u201d) <\/strong><\/li>\n<li><strong>Aula d\u2019acollida (activitats \u201dEl mag de la tardor\u201d)<\/strong><\/li>\n<\/ul>\n<p>les heu d&#8217;enviar a:<\/p>\n<ul>\n<li>La de castell\u00e0, a la T\u00f2nia ( <a href=\"mailto:mpere289@xtec.cat\">mpere289@xtec.cat<\/a> ).<\/li>\n<li>La d\u2019angl\u00e8s a la Maria (<a href=\"mailto:mcabre9@xtec.cat\">mcabre9@xtec.cat<\/a>).<\/li>\n<li>La d\u2019aula d\u2019acollida ( <a href=\"mailto:mgar377@xtec.cat\">mgar377@xtec.cat<\/a> )<\/li>\n<\/ul>\n<p>&nbsp;<\/p>\n<p>Que tingueu una bona setmana!<\/p>\n<p>&nbsp;<\/p>\n","protected":false},"excerpt":{"rendered":"<p>Hola nenes i nens de 4t !!<br \/>\n<a href=\"https:\/\/agora.xtec.cat\/ceiplanovaelectra\/wp-content\/uploads\/usu1276\/2020\/05\/4t-Setmana-8.pdf\"><\/a>Aqu\u00ed teniu les activitats per fer durant la vuitena setmana. Recordeu que hi ha activitats que heu de retornar al mestre o a la mestra que us ho demani, per tal de poder ser avaluades.<br \/>\nPer a qui faci&hellip;  <a href=\"https:\/\/agora.xtec.cat\/ceiplanovaelectra\/entorn-daprenentatge\/aula-4t\/4t-activitats-setmana-8\/\" title=\"Read 4t activitats setmana 8\">Llegeix m\u00e9s\u00bb<\/a><\/p>\n","protected":false},"author":9,"featured_media":3554,"comment_status":"closed","ping_status":"closed","sticky":false,"template":"","format":"standard","meta":{"_bbp_topic_count":0,"_bbp_reply_count":0,"_bbp_total_topic_count":0,"_bbp_total_reply_count":0,"_bbp_voice_count":0,"_bbp_anonymous_reply_count":0,"_bbp_topic_count_hidden":0,"_bbp_reply_count_hidden":0,"_bbp_forum_subforum_count":0,"footnotes":""},"categories":[80],"tags":[],"class_list":["post-3551","post","type-post","status-publish","format-standard","has-post-thumbnail","hentry","category-aula-4t"],"post_mailing_queue_ids":[],"_links":{"self":[{"href":"https:\/\/agora.xtec.cat\/ceiplanovaelectra\/wp-json\/wp\/v2\/posts\/3551","targetHints":{"allow":["GET"]}}],"collection":[{"href":"https:\/\/agora.xtec.cat\/ceiplanovaelectra\/wp-json\/wp\/v2\/posts"}],"about":[{"href":"https:\/\/agora.xtec.cat\/ceiplanovaelectra\/wp-json\/wp\/v2\/types\/post"}],"author":[{"embeddable":true,"href":"https:\/\/agora.xtec.cat\/ceiplanovaelectra\/wp-json\/wp\/v2\/users\/9"}],"replies":[{"embeddable":true,"href":"https:\/\/agora.xtec.cat\/ceiplanovaelectra\/wp-json\/wp\/v2\/comments?post=3551"}],"version-history":[{"count":2,"href":"https:\/\/agora.xtec.cat\/ceiplanovaelectra\/wp-json\/wp\/v2\/posts\/3551\/revisions"}],"predecessor-version":[{"id":3555,"href":"https:\/\/agora.xtec.cat\/ceiplanovaelectra\/wp-json\/wp\/v2\/posts\/3551\/revisions\/3555"}],"wp:featuredmedia":[{"embeddable":true,"href":"https:\/\/agora.xtec.cat\/ceiplanovaelectra\/wp-json\/wp\/v2\/media\/3554"}],"wp:attachment":[{"href":"https:\/\/agora.xtec.cat\/ceiplanovaelectra\/wp-json\/wp\/v2\/media?parent=3551"}],"wp:term":[{"taxonomy":"category","embeddable":true,"href":"https:\/\/agora.xtec.cat\/ceiplanovaelectra\/wp-json\/wp\/v2\/categories?post=3551"},{"taxonomy":"post_tag","embeddable":true,"href":"https:\/\/agora.xtec.cat\/ceiplanovaelectra\/wp-json\/wp\/v2\/tags?post=3551"}],"curies":[{"name":"wp","href":"https:\/\/api.w.org\/{rel}","templated":true}]}}