{"id":3468,"date":"2020-05-21T18:55:09","date_gmt":"2020-05-21T16:55:09","guid":{"rendered":"https:\/\/agora.xtec.cat\/ceiplanovaelectra\/?p=3468"},"modified":"2020-05-21T18:55:09","modified_gmt":"2020-05-21T16:55:09","slug":"activitats-per-a-la-8a-setmana-de-p4","status":"publish","type":"post","link":"https:\/\/agora.xtec.cat\/ceiplanovaelectra\/entorn-daprenentatge\/aula-p4\/activitats-per-a-la-8a-setmana-de-p4\/","title":{"rendered":"Activitats per a la 8\u00aa setmana de P4"},"content":{"rendered":"<p>Hola fam\u00edlies!<\/p>\n<p>Aqu\u00ed teniu el document d\u2019activitats per fer durant la vuitena setmana. Us agrair\u00edem que les activitats que s\u00f3n avaluables les envi\u00e9ssiu abans de dijous 28 de maig.<\/p>\n<p><strong>Matem\u00e0tiques, llengua, descoberta de l&#8217;entorn, m\u00fasica, psicomotricitat, angl\u00e8s i pl\u00e0stica\u00a0 \u00a0 <\/strong><a href=\"https:\/\/agora.xtec.cat\/ceiplanovaelectra\/wp-content\/uploads\/usu1276\/2020\/05\/Activitats-vuitena-setmana-P4-1.pdf\"><strong><img loading=\"lazy\" decoding=\"async\" class=\"alignnone wp-image-2124\" src=\"https:\/\/agora.xtec.cat\/ceiplanovaelectra\/wp-content\/uploads\/usu1276\/2020\/04\/doc-vector.png\" alt=\"\" width=\"48\" height=\"45\" \/><\/strong><\/a><\/p>\n<p>Les activitats avaluables d\u2019aquest document les heu d\u2019enviar<\/p>\n<p>-Els nens i nenes de P4 A, a la Merc\u00e8 (<a href=\"mpujol7@xtec.cat\">mpujol7@xtec.cat<\/a>)<\/p>\n<p>-Els nens i nenes de P4 B, a l&#8217;Ester (<a href=\"mchesa@xtec.cat\">mchesa@xtec.cat<\/a>)<\/p>\n<p>-La de psicomotricitat i la d&#8217;angl\u00e8s, a la M\u00f2nica (<a href=\"mmart775@xtec.cat\">mmart775@xtec.cat<\/a>)<\/p>\n<p>-La de m\u00fasica, a la Keila (<a href=\"mailto:kcazorla@xtec.cat\">kcazorla<span class=\"\">@xte<\/span>c.cat<\/a>)<\/p>\n<p>&nbsp;<\/p>\n<p>Que tingueu una bona setmana!<\/p>\n","protected":false},"excerpt":{"rendered":"<p>Hola fam\u00edlies!<br \/>\nAqu\u00ed teniu el document d\u2019activitats per fer durant la vuitena setmana. Us agrair\u00edem que les activitats que s\u00f3n avaluables les envi\u00e9ssiu abans de dijous 28 de maig.<br \/>\nMatem\u00e0tiques, llengua, descoberta de l&#8217;entorn, m\u00fasica, psicomotricitat, angl\u00e8s i pl\u00e0stica\u00a0 \u00a0 <a href=\"https:\/\/agora.xtec.cat\/ceiplanovaelectra\/wp-content\/uploads\/usu1276\/2020\/05\/Activitats-vuitena-setmana-P4-1.pdf\"><\/a><br \/>\nLes activitats avaluables d\u2019aquest document les&hellip;  <a href=\"https:\/\/agora.xtec.cat\/ceiplanovaelectra\/entorn-daprenentatge\/aula-p4\/activitats-per-a-la-8a-setmana-de-p4\/\" title=\"Read Activitats per a la 8\u00aa setmana de P4\">Llegeix m\u00e9s\u00bb<\/a><\/p>\n","protected":false},"author":2,"featured_media":2203,"comment_status":"closed","ping_status":"closed","sticky":false,"template":"","format":"standard","meta":{"_bbp_topic_count":0,"_bbp_reply_count":0,"_bbp_total_topic_count":0,"_bbp_total_reply_count":0,"_bbp_voice_count":0,"_bbp_anonymous_reply_count":0,"_bbp_topic_count_hidden":0,"_bbp_reply_count_hidden":0,"_bbp_forum_subforum_count":0,"footnotes":""},"categories":[75],"tags":[],"class_list":["post-3468","post","type-post","status-publish","format-standard","has-post-thumbnail","hentry","category-aula-p4"],"post_mailing_queue_ids":[],"_links":{"self":[{"href":"https:\/\/agora.xtec.cat\/ceiplanovaelectra\/wp-json\/wp\/v2\/posts\/3468","targetHints":{"allow":["GET"]}}],"collection":[{"href":"https:\/\/agora.xtec.cat\/ceiplanovaelectra\/wp-json\/wp\/v2\/posts"}],"about":[{"href":"https:\/\/agora.xtec.cat\/ceiplanovaelectra\/wp-json\/wp\/v2\/types\/post"}],"author":[{"embeddable":true,"href":"https:\/\/agora.xtec.cat\/ceiplanovaelectra\/wp-json\/wp\/v2\/users\/2"}],"replies":[{"embeddable":true,"href":"https:\/\/agora.xtec.cat\/ceiplanovaelectra\/wp-json\/wp\/v2\/comments?post=3468"}],"version-history":[{"count":3,"href":"https:\/\/agora.xtec.cat\/ceiplanovaelectra\/wp-json\/wp\/v2\/posts\/3468\/revisions"}],"predecessor-version":[{"id":3523,"href":"https:\/\/agora.xtec.cat\/ceiplanovaelectra\/wp-json\/wp\/v2\/posts\/3468\/revisions\/3523"}],"wp:featuredmedia":[{"embeddable":true,"href":"https:\/\/agora.xtec.cat\/ceiplanovaelectra\/wp-json\/wp\/v2\/media\/2203"}],"wp:attachment":[{"href":"https:\/\/agora.xtec.cat\/ceiplanovaelectra\/wp-json\/wp\/v2\/media?parent=3468"}],"wp:term":[{"taxonomy":"category","embeddable":true,"href":"https:\/\/agora.xtec.cat\/ceiplanovaelectra\/wp-json\/wp\/v2\/categories?post=3468"},{"taxonomy":"post_tag","embeddable":true,"href":"https:\/\/agora.xtec.cat\/ceiplanovaelectra\/wp-json\/wp\/v2\/tags?post=3468"}],"curies":[{"name":"wp","href":"https:\/\/api.w.org\/{rel}","templated":true}]}}