{"id":2859,"date":"2020-04-29T19:12:11","date_gmt":"2020-04-29T17:12:11","guid":{"rendered":"https:\/\/agora.xtec.cat\/ceiplanovaelectra\/?p=2859"},"modified":"2020-04-29T19:12:11","modified_gmt":"2020-04-29T17:12:11","slug":"activitats-per-a-la-5a-setmana-de-2n","status":"publish","type":"post","link":"https:\/\/agora.xtec.cat\/ceiplanovaelectra\/entorn-daprenentatge\/aula-2n\/activitats-per-a-la-5a-setmana-de-2n\/","title":{"rendered":"Activitats per a la 5a setmana de 2n"},"content":{"rendered":"<p>Benvolgudes fam\u00edlies,<\/p>\n<p>Aqu\u00ed teniu els dos documents d&#8217;activitats per fer durant la cinquena setmana. Aquesta vegada, l&#8217;equip de mestres hem apostat per dissenyar activitats globalitzades que inclouen diferents \u00e0rees. Recordeu que, a l&#8217;hora d&#8217;enviar aquelles que son <strong>avaluables<\/strong>, \u00e9s important que ho feu <strong>en un sol correu <\/strong>abans de dijous 7 de maig.<\/p>\n<p><a href=\"https:\/\/agora.xtec.cat\/ceiplanovaelectra\/wp-content\/uploads\/usu1276\/2020\/04\/Icona-atenci\u00f3.png\"><img loading=\"lazy\" decoding=\"async\" class=\" wp-image-2853 alignleft\" src=\"https:\/\/agora.xtec.cat\/ceiplanovaelectra\/wp-content\/uploads\/usu1276\/2020\/04\/Icona-atenci\u00f3.png\" alt=\"\" width=\"59\" height=\"53\" \/><\/a><br \/>\nAtenci\u00f3! Aquesta vegada les activitats estan classificades en 2 documents:<\/p>\n<ul>\n<li>Document 1 d&#8217;<strong>activitats avaluables<a href=\"https:\/\/agora.xtec.cat\/ceiplanovaelectra\/wp-content\/uploads\/usu1276\/2020\/04\/2n-activitats-avaluables-setmana-5.pdf\"><img loading=\"lazy\" decoding=\"async\" class=\"alignnone wp-image-2570\" src=\"https:\/\/agora.xtec.cat\/ceiplanovaelectra\/wp-content\/uploads\/usu1276\/2020\/04\/Icona-document.png\" alt=\"\" width=\"39\" height=\"42\" \/><\/a><\/strong><\/li>\n<li>Document 2 d&#8217;<strong>activitats d&#8217;ampliaci\u00f3<a href=\"https:\/\/agora.xtec.cat\/ceiplanovaelectra\/wp-content\/uploads\/usu1276\/2020\/04\/2n-activitats-complement\u00e0ries-setmana-5.pdf\"><img loading=\"lazy\" decoding=\"async\" class=\"alignnone wp-image-2570\" src=\"https:\/\/agora.xtec.cat\/ceiplanovaelectra\/wp-content\/uploads\/usu1276\/2020\/04\/Icona-document.png\" alt=\"\" width=\"39\" height=\"42\" \/><\/a><\/strong><\/li>\n<\/ul>\n<p>Com sempre, les activitats avaluables de catal\u00e0, matem\u00e0tiques, medi, pl\u00e0stica i valors les heu d&#8217;enviar a les vostres tutores:<br \/>\n&#8211; Els nens i nenes de 2n A, a la N\u00faria (<a href=\"mailto:ngrane@xtec.cat\">ngrane@xtec.cat<\/a>).<br \/>\n&#8211; Els nens i nenes de 2n B, al Jorge (<a href=\"mailto:jdeler@xtec.cat\">jdeler@xtec.cat<\/a>).<br \/>\n&#8211; Els nens i nenes de 2n C, a la Bea (<a href=\"mailto:bmorales@xtec.cat\">bmorales@xtec.cat<\/a>).<br \/>\n&#8211; Els nens i nenes de 2n D, a la Teresa (<a href=\"mailto:mgutie42@xtec.cat\">mgutie42@xtec.cat<\/a>).<\/p>\n<p>I les activitats avaluables d&#8217;angl\u00e8s, castell\u00e0, educaci\u00f3 f\u00edsica i m\u00fasica a les especialistes:<br \/>\n&#8211; La d&#8217;angl\u00e8s, a l&#8217;Amparo (<a href=\"mailto:amarti24@xtec.cat\">amarti24@xtec.cat<\/a>).<br \/>\n&#8211; La de castell\u00e0, a la Carmen (<a href=\"mailto:creyes2@xtec.cat\">creyes2<span class=\"\">@xtec<\/span>.cat<\/a>).<br \/>\n&#8211; La d&#8217;educaci\u00f3 f\u00edsica, a l&#8217;Inma (<a href=\"mailto:isaborid@xtec.cat\">isaborid@xtec.cat<\/a>).<br \/>\n&#8211; La de m\u00fasica, a la Keila (<a href=\"mailto:kcazorla@xtec.cat\">kcazorla<span class=\"\">@xte<\/span>c.cat<\/a>).<\/p>\n","protected":false},"excerpt":{"rendered":"<p>Benvolgudes fam\u00edlies,<br \/>\nAqu\u00ed teniu els dos documents d&#8217;activitats per fer durant la cinquena setmana. Aquesta vegada, l&#8217;equip de mestres hem apostat per dissenyar activitats globalitzades que inclouen diferents \u00e0rees. Recordeu que, a l&#8217;hora d&#8217;enviar aquelles que son avaluables, \u00e9s important que ho feu en un sol&hellip;  <a href=\"https:\/\/agora.xtec.cat\/ceiplanovaelectra\/entorn-daprenentatge\/aula-2n\/activitats-per-a-la-5a-setmana-de-2n\/\" title=\"Read Activitats per a la 5a setmana de 2n\">Llegeix m\u00e9s\u00bb<\/a><\/p>\n","protected":false},"author":58,"featured_media":2882,"comment_status":"open","ping_status":"closed","sticky":false,"template":"","format":"standard","meta":{"_bbp_topic_count":0,"_bbp_reply_count":0,"_bbp_total_topic_count":0,"_bbp_total_reply_count":0,"_bbp_voice_count":0,"_bbp_anonymous_reply_count":0,"_bbp_topic_count_hidden":0,"_bbp_reply_count_hidden":0,"_bbp_forum_subforum_count":0,"footnotes":""},"categories":[78],"tags":[],"class_list":["post-2859","post","type-post","status-publish","format-standard","has-post-thumbnail","hentry","category-aula-2n"],"post_mailing_queue_ids":[],"_links":{"self":[{"href":"https:\/\/agora.xtec.cat\/ceiplanovaelectra\/wp-json\/wp\/v2\/posts\/2859","targetHints":{"allow":["GET"]}}],"collection":[{"href":"https:\/\/agora.xtec.cat\/ceiplanovaelectra\/wp-json\/wp\/v2\/posts"}],"about":[{"href":"https:\/\/agora.xtec.cat\/ceiplanovaelectra\/wp-json\/wp\/v2\/types\/post"}],"author":[{"embeddable":true,"href":"https:\/\/agora.xtec.cat\/ceiplanovaelectra\/wp-json\/wp\/v2\/users\/58"}],"replies":[{"embeddable":true,"href":"https:\/\/agora.xtec.cat\/ceiplanovaelectra\/wp-json\/wp\/v2\/comments?post=2859"}],"version-history":[{"count":3,"href":"https:\/\/agora.xtec.cat\/ceiplanovaelectra\/wp-json\/wp\/v2\/posts\/2859\/revisions"}],"predecessor-version":[{"id":2902,"href":"https:\/\/agora.xtec.cat\/ceiplanovaelectra\/wp-json\/wp\/v2\/posts\/2859\/revisions\/2902"}],"wp:featuredmedia":[{"embeddable":true,"href":"https:\/\/agora.xtec.cat\/ceiplanovaelectra\/wp-json\/wp\/v2\/media\/2882"}],"wp:attachment":[{"href":"https:\/\/agora.xtec.cat\/ceiplanovaelectra\/wp-json\/wp\/v2\/media?parent=2859"}],"wp:term":[{"taxonomy":"category","embeddable":true,"href":"https:\/\/agora.xtec.cat\/ceiplanovaelectra\/wp-json\/wp\/v2\/categories?post=2859"},{"taxonomy":"post_tag","embeddable":true,"href":"https:\/\/agora.xtec.cat\/ceiplanovaelectra\/wp-json\/wp\/v2\/tags?post=2859"}],"curies":[{"name":"wp","href":"https:\/\/api.w.org\/{rel}","templated":true}]}}