{"id":10477,"date":"2023-06-01T15:25:53","date_gmt":"2023-06-01T13:25:53","guid":{"rendered":"https:\/\/agora.xtec.cat\/ceiplanovaelectra\/?p=10477"},"modified":"2023-06-01T15:26:51","modified_gmt":"2023-06-01T13:26:51","slug":"1r-juguem-amb-el-fang","status":"publish","type":"post","link":"https:\/\/agora.xtec.cat\/ceiplanovaelectra\/activitats-nivells\/1r-juguem-amb-el-fang\/","title":{"rendered":"1r: Juguem amb el fang"},"content":{"rendered":"<p>Hola fam\u00edlies!<\/p>\n<p>Sab\u00edeu que el fang \u00e9s un element natural que ens aporta diferents propietats i esdev\u00e9 un material molt atractiu per als infants? A Can Juli\u00e0 ens van proposar un joc amb vestit de bany. Vam barrejar terra fina amb aigua i vam comen\u00e7ar a jugar i a compartir amb els\/les companys\/es. Mireu les imatges que s\u00f3n molt divertides. Vam gaudir molt!!<\/p>\n<p><a href=\"https:\/\/photos.app.goo.gl\/ZSihv3dC52cub1MbA\"><img loading=\"lazy\" decoding=\"async\" class=\"alignnone size-thumbnail wp-image-10479\" src=\"https:\/\/agora.xtec.cat\/ceiplanovaelectra\/wp-content\/uploads\/usu1276\/2023\/05\/CAN-JULIA-1-150x150.jpg\" alt=\"\" width=\"150\" height=\"150\" \/><\/a><\/p>\n","protected":false},"excerpt":{"rendered":"<p>Hola fam\u00edlies!<br \/>\nSab\u00edeu que el fang \u00e9s un element natural que ens aporta diferents propietats i esdev\u00e9 un material molt atractiu per als infants? A Can Juli\u00e0 ens van proposar un joc amb vestit de bany. Vam barrejar terra fina amb aigua i vam comen\u00e7ar a&hellip;  <a href=\"https:\/\/agora.xtec.cat\/ceiplanovaelectra\/activitats-nivells\/1r-juguem-amb-el-fang\/\" title=\"Read 1r: Juguem amb el fang\">Llegeix m\u00e9s\u00bb<\/a><\/p>\n","protected":false},"author":2,"featured_media":10478,"comment_status":"closed","ping_status":"closed","sticky":false,"template":"","format":"standard","meta":{"_bbp_topic_count":0,"_bbp_reply_count":0,"_bbp_total_topic_count":0,"_bbp_total_reply_count":0,"_bbp_voice_count":0,"_bbp_anonymous_reply_count":0,"_bbp_topic_count_hidden":0,"_bbp_reply_count_hidden":0,"_bbp_forum_subforum_count":0,"footnotes":""},"categories":[10,2,4,101],"tags":[],"class_list":["post-10477","post","type-post","status-publish","format-standard","has-post-thumbnail","hentry","category-1r","category-activitats-nivells","category-portada","category-primaria-activitats-nivells"],"post_mailing_queue_ids":[],"_links":{"self":[{"href":"https:\/\/agora.xtec.cat\/ceiplanovaelectra\/wp-json\/wp\/v2\/posts\/10477","targetHints":{"allow":["GET"]}}],"collection":[{"href":"https:\/\/agora.xtec.cat\/ceiplanovaelectra\/wp-json\/wp\/v2\/posts"}],"about":[{"href":"https:\/\/agora.xtec.cat\/ceiplanovaelectra\/wp-json\/wp\/v2\/types\/post"}],"author":[{"embeddable":true,"href":"https:\/\/agora.xtec.cat\/ceiplanovaelectra\/wp-json\/wp\/v2\/users\/2"}],"replies":[{"embeddable":true,"href":"https:\/\/agora.xtec.cat\/ceiplanovaelectra\/wp-json\/wp\/v2\/comments?post=10477"}],"version-history":[{"count":3,"href":"https:\/\/agora.xtec.cat\/ceiplanovaelectra\/wp-json\/wp\/v2\/posts\/10477\/revisions"}],"predecessor-version":[{"id":10485,"href":"https:\/\/agora.xtec.cat\/ceiplanovaelectra\/wp-json\/wp\/v2\/posts\/10477\/revisions\/10485"}],"wp:featuredmedia":[{"embeddable":true,"href":"https:\/\/agora.xtec.cat\/ceiplanovaelectra\/wp-json\/wp\/v2\/media\/10478"}],"wp:attachment":[{"href":"https:\/\/agora.xtec.cat\/ceiplanovaelectra\/wp-json\/wp\/v2\/media?parent=10477"}],"wp:term":[{"taxonomy":"category","embeddable":true,"href":"https:\/\/agora.xtec.cat\/ceiplanovaelectra\/wp-json\/wp\/v2\/categories?post=10477"},{"taxonomy":"post_tag","embeddable":true,"href":"https:\/\/agora.xtec.cat\/ceiplanovaelectra\/wp-json\/wp\/v2\/tags?post=10477"}],"curies":[{"name":"wp","href":"https:\/\/api.w.org\/{rel}","templated":true}]}}