{"id":14673,"date":"2026-02-04T21:45:33","date_gmt":"2026-02-04T20:45:33","guid":{"rendered":"https:\/\/agora.xtec.cat\/ceiplanaspa\/?p=14673"},"modified":"2026-02-04T21:53:25","modified_gmt":"2026-02-04T20:53:25","slug":"dia-mundial-de-la-lectura-en-veu-alta","status":"publish","type":"post","link":"https:\/\/agora.xtec.cat\/ceiplanaspa\/general\/dia-mundial-de-la-lectura-en-veu-alta\/","title":{"rendered":"Dia mundial de la lectura en veu alta"},"content":{"rendered":"<p data-start=\"127\" data-end=\"449\">A la nostra escola la lectura \u00e9s un comprom\u00eds compartit i una aposta clara, perqu\u00e8 la considerem el pilar sobre el qual es construeixen tots els aprenentatges. Per aix\u00f2, els infants disposen d\u2019una hora setmanal de mediaci\u00f3 liter\u00e0ria, pensada per fomentar el gust per llegir i fer cr\u00e9ixer una aut\u00e8ntica comunitat lectora.<\/p>\n<p data-start=\"456\" data-end=\"685\">A m\u00e9s, la lectura en veu alta ocupa un lloc central en el dia a dia de l\u2019escola: els mestres esdevenen narradors i narradores d\u2019hist\u00f2ries que emocionen, desperten la imaginaci\u00f3 i creen vincles a trav\u00e9s de la paraula compartida.<\/p>\n<p data-start=\"692\" data-end=\"955\">Us fem arribar una <a href=\"https:\/\/drive.google.com\/file\/d\/17xPK9ux72SxRs1KsqNSkvutmaTtkPoEZ\/view?usp=sharing\">infografia<\/a> amb informaci\u00f3 essencial per a les fam\u00edlies i, tamb\u00e9, un llibre de la nostra formadora -de tot el claustre-, Sherezade Berjam\u00ed, que ens apropa a contes imprescindibles de la cultura popular i ens ajuda a entendre el valor de la narraci\u00f3 oral i liter\u00e0ria.<\/p>\n<p data-start=\"534\" data-end=\"745\"><img loading=\"lazy\" decoding=\"async\" class=\"sFlh5c FyHeAf iPVvYb\" src=\"https:\/\/www.onallibres.cat\/cdnassets\/books\/9791387594114_1_l.jpg\" alt=\"Tres, i tres, i tres fan...\" width=\"331\" height=\"392\" \/><\/p>\n<p data-start=\"534\" data-end=\"745\">\n","protected":false},"excerpt":{"rendered":"<p>A la nostra escola la lectura \u00e9s un comprom\u00eds compartit i una aposta clara, perqu\u00e8 la considerem el pilar sobre el qual es construeixen tots els aprenentatges. Per aix\u00f2, els infants disposen d\u2019una hora setmanal de mediaci\u00f3 liter\u00e0ria, pensada per fomentar el gust per llegir i fer cr\u00e9ixer una aut\u00e8ntica comunitat lectora. A m\u00e9s, la [&hellip;]<\/p>\n","protected":false},"author":1,"featured_media":14674,"comment_status":"open","ping_status":"open","sticky":false,"template":"","format":"standard","meta":{"_bbp_topic_count":0,"_bbp_reply_count":0,"_bbp_total_topic_count":0,"_bbp_total_reply_count":0,"_bbp_voice_count":0,"_bbp_anonymous_reply_count":0,"_bbp_topic_count_hidden":0,"_bbp_reply_count_hidden":0,"_bbp_forum_subforum_count":0,"site-sidebar-layout":"default","site-content-layout":"","ast-site-content-layout":"default","site-content-style":"default","site-sidebar-style":"default","ast-global-header-display":"","ast-banner-title-visibility":"","ast-main-header-display":"","ast-hfb-above-header-display":"","ast-hfb-below-header-display":"","ast-hfb-mobile-header-display":"","site-post-title":"","ast-breadcrumbs-content":"","ast-featured-img":"","footer-sml-layout":"","theme-transparent-header-meta":"default","adv-header-id-meta":"","stick-header-meta":"","header-above-stick-meta":"","header-main-stick-meta":"","header-below-stick-meta":"","astra-migrate-meta-layouts":"set","ast-page-background-enabled":"default","ast-page-background-meta":{"desktop":{"background-color":"var(--ast-global-color-4)","background-image":"","background-repeat":"repeat","background-position":"center center","background-size":"auto","background-attachment":"scroll","background-type":"","background-media":"","overlay-type":"","overlay-color":"","overlay-opacity":"","overlay-gradient":""},"tablet":{"background-color":"","background-image":"","background-repeat":"repeat","background-position":"center center","background-size":"auto","background-attachment":"scroll","background-type":"","background-media":"","overlay-type":"","overlay-color":"","overlay-opacity":"","overlay-gradient":""},"mobile":{"background-color":"","background-image":"","background-repeat":"repeat","background-position":"center center","background-size":"auto","background-attachment":"scroll","background-type":"","background-media":"","overlay-type":"","overlay-color":"","overlay-opacity":"","overlay-gradient":""}},"ast-content-background-meta":{"desktop":{"background-color":"var(--ast-global-color-5)","background-image":"","background-repeat":"repeat","background-position":"center center","background-size":"auto","background-attachment":"scroll","background-type":"","background-media":"","overlay-type":"","overlay-color":"","overlay-opacity":"","overlay-gradient":""},"tablet":{"background-color":"var(--ast-global-color-5)","background-image":"","background-repeat":"repeat","background-position":"center center","background-size":"auto","background-attachment":"scroll","background-type":"","background-media":"","overlay-type":"","overlay-color":"","overlay-opacity":"","overlay-gradient":""},"mobile":{"background-color":"var(--ast-global-color-5)","background-image":"","background-repeat":"repeat","background-position":"center center","background-size":"auto","background-attachment":"scroll","background-type":"","background-media":"","overlay-type":"","overlay-color":"","overlay-opacity":"","overlay-gradient":""}},"footnotes":""},"categories":[1,4],"tags":[],"class_list":["post-14673","post","type-post","status-publish","format-standard","has-post-thumbnail","hentry","category-general","category-portada"],"post_mailing_queue_ids":[],"_links":{"self":[{"href":"https:\/\/agora.xtec.cat\/ceiplanaspa\/wp-json\/wp\/v2\/posts\/14673","targetHints":{"allow":["GET"]}}],"collection":[{"href":"https:\/\/agora.xtec.cat\/ceiplanaspa\/wp-json\/wp\/v2\/posts"}],"about":[{"href":"https:\/\/agora.xtec.cat\/ceiplanaspa\/wp-json\/wp\/v2\/types\/post"}],"author":[{"embeddable":true,"href":"https:\/\/agora.xtec.cat\/ceiplanaspa\/wp-json\/wp\/v2\/users\/1"}],"replies":[{"embeddable":true,"href":"https:\/\/agora.xtec.cat\/ceiplanaspa\/wp-json\/wp\/v2\/comments?post=14673"}],"version-history":[{"count":3,"href":"https:\/\/agora.xtec.cat\/ceiplanaspa\/wp-json\/wp\/v2\/posts\/14673\/revisions"}],"predecessor-version":[{"id":14682,"href":"https:\/\/agora.xtec.cat\/ceiplanaspa\/wp-json\/wp\/v2\/posts\/14673\/revisions\/14682"}],"wp:featuredmedia":[{"embeddable":true,"href":"https:\/\/agora.xtec.cat\/ceiplanaspa\/wp-json\/wp\/v2\/media\/14674"}],"wp:attachment":[{"href":"https:\/\/agora.xtec.cat\/ceiplanaspa\/wp-json\/wp\/v2\/media?parent=14673"}],"wp:term":[{"taxonomy":"category","embeddable":true,"href":"https:\/\/agora.xtec.cat\/ceiplanaspa\/wp-json\/wp\/v2\/categories?post=14673"},{"taxonomy":"post_tag","embeddable":true,"href":"https:\/\/agora.xtec.cat\/ceiplanaspa\/wp-json\/wp\/v2\/tags?post=14673"}],"curies":[{"name":"wp","href":"https:\/\/api.w.org\/{rel}","templated":true}]}}