{"id":24322,"date":"2026-04-24T21:26:23","date_gmt":"2026-04-24T19:26:23","guid":{"rendered":"https:\/\/agora.xtec.cat\/ceiplamitjana\/?p=24322"},"modified":"2026-04-25T11:07:15","modified_gmt":"2026-04-25T09:07:15","slug":"setmana-cultural-de-sant-jordi-a-i3-2","status":"publish","type":"post","link":"https:\/\/agora.xtec.cat\/ceiplamitjana\/blogs-daula\/infantil\/setmana-cultural-de-sant-jordi-a-i3-2\/","title":{"rendered":"SETMANA CULTURAL DE SANT JORDI A I3!"},"content":{"rendered":"\n<p>Com cada any, Sant Jordi \u00e9s una festa que celebrem amb molta alegria!<\/p>\n\n\n\n<p>Una setmana plena d&#8217;activitat i els Patufets i Tabalets us volem fer un tastet de qu\u00e8 hem fet en aquesta setmana cultural:<a href=\"https:\/\/photos.google.com\/share\/AF1QipMdESnfmalFzV1IPXKR-ybFtmb8smVsnNTMX2WXQUTN4reXVzzL2rhOBtzGgwPV0w?key=U0FtS3d0NHFjYnE0RmJOdm9tMUpWbGkzb1BobnRn\"> jocs amb la tem\u00e0tica de Sant Jordi, intercanvi de llibres i la llegenda teatralitzada<\/a>. Tamb\u00e9 han vingut els infants de<a href=\"https:\/\/photos.google.com\/share\/AF1QipMRJZ4jWa-XSQ7PF8NdRlH16vzhmXVWCXj7TwIlYDR1-V4HfaJQnqSOpx3HUPhjWw?key=WWdHcEJqeS1wb0VwTzFwRkFXekVQZkxNWEk4bGRB\"> I5A a l&#8217;aula dels Patufets<\/a> i els de <a href=\"https:\/\/photos.google.com\/share\/AF1QipPkZYrBqnRRj5kT1ZMd4VBaJTZmobjVw3OtbZdUJmJfZiyzvmlSc1lXaRBkuBjOhA?key=U3dfNUtZaDdFVTFSUFNKVTVtVGZKUVJFVGdZcmtn\">I5B a l&#8217;aula dels Tabalets<\/a>, a explicar-nos uns contes, i ho han fet molt b\u00e9!!!!! Tot no acaba aqu\u00ed, tamb\u00e9 ens hem fet fotos al nostre bonic <a href=\"https:\/\/photos.google.com\/share\/AF1QipPrO7ttRkkx9DBIfAzoNKqd1ploofxygf17SSovHLKs09PxwE1Hbf5fn8nzU9PzJg?key=ZUlWZUVvV3Z6MFpQdnVuVGh0dVlLekMtZHctYXNn\">photocall de Sant Jordi<\/a>, on tri\u00e0vem quin personatge vol\u00edem ser.<\/p>\n\n\n\n<p>A m\u00e9s a m\u00e9s, hem preparat amb antelaci\u00f3 els regals t\u00edpics de Sant Jordi, per les fam\u00edlies que estimem tant, la rosa i el llibre, tot fet i elaborat pels nostres autors i autores, els Patufets i Tabalets. Per aquest motiu, despr\u00e9s d&#8217;aquest esfor\u00e7 en l&#8217;<a href=\"https:\/\/photos.google.com\/share\/AF1QipOJkZ8rfAylR-DD5FTZjM-VsT5YLcVVFESEBGY-WnkrDfC2eMAHXAfUSVbMP4BhJg?key=LTIwTmtDeDdZVGdwRFYxWFhoYjMwdy01WUZueXh3\">elaboraci\u00f3 de la rosa i el llibre, vam anar a veure on es venen aquests detalls al carrer<\/a>, a mirar i comprar uns contes el dia de Sant Jordi a les paradetes. Un bonic passeig pel costat de l&#8217;escola!<\/p>\n\n\n\n<p>Finalment, la <a href=\"https:\/\/photos.google.com\/share\/AF1QipMf_qLBuJEJZgBMd_VmajU9P5VfFop0auDGAQy_kyJkL2860xmpr3VPQkcs2vnkKA?key=VmxnbWV0Z0w3YXBDSFY1dDhiSGlnQUtQaGdaMmNR\">diada de Sant Jordi <\/a>\u00e9s esperada amb molta emoci\u00f3 i per aquest motiu els infants la van preparar amb molta il\u00b7lusi\u00f3!<\/p>\n\n\n\n<p><\/p>\n","protected":false},"excerpt":{"rendered":"<p>Com cada any, Sant Jordi \u00e9s una festa que celebrem amb molta alegria! Una setmana plena d&#8217;activitat i els Patufets i Tabalets us volem fer un tastet de qu\u00e8 hem fet en aquesta setmana cultural: jocs amb la tem\u00e0tica de Sant Jordi, intercanvi de llibres i la llegenda teatralitzada. Tamb\u00e9 han vingut els infants de [&hellip;]<\/p>\n","protected":false},"author":105,"featured_media":0,"comment_status":"open","ping_status":"open","sticky":false,"template":"","format":"standard","meta":{"_bbp_topic_count":0,"_bbp_reply_count":0,"_bbp_total_topic_count":0,"_bbp_total_reply_count":0,"_bbp_voice_count":0,"_bbp_anonymous_reply_count":0,"_bbp_topic_count_hidden":0,"_bbp_reply_count_hidden":0,"_bbp_forum_subforum_count":0,"site-sidebar-layout":"default","site-content-layout":"","ast-site-content-layout":"default","site-content-style":"default","site-sidebar-style":"default","ast-global-header-display":"","ast-banner-title-visibility":"","ast-main-header-display":"","ast-hfb-above-header-display":"","ast-hfb-below-header-display":"","ast-hfb-mobile-header-display":"","site-post-title":"","ast-breadcrumbs-content":"","ast-featured-img":"","footer-sml-layout":"","theme-transparent-header-meta":"","adv-header-id-meta":"","stick-header-meta":"","header-above-stick-meta":"","header-main-stick-meta":"","header-below-stick-meta":"","astra-migrate-meta-layouts":"set","ast-page-background-enabled":"default","ast-page-background-meta":{"desktop":{"background-color":"var(--ast-global-color-4)","background-image":"","background-repeat":"repeat","background-position":"center center","background-size":"auto","background-attachment":"scroll","background-type":"","background-media":"","overlay-type":"","overlay-color":"","overlay-opacity":"","overlay-gradient":""},"tablet":{"background-color":"","background-image":"","background-repeat":"repeat","background-position":"center center","background-size":"auto","background-attachment":"scroll","background-type":"","background-media":"","overlay-type":"","overlay-color":"","overlay-opacity":"","overlay-gradient":""},"mobile":{"background-color":"","background-image":"","background-repeat":"repeat","background-position":"center center","background-size":"auto","background-attachment":"scroll","background-type":"","background-media":"","overlay-type":"","overlay-color":"","overlay-opacity":"","overlay-gradient":""}},"ast-content-background-meta":{"desktop":{"background-color":"var(--ast-global-color-5)","background-image":"","background-repeat":"repeat","background-position":"center center","background-size":"auto","background-attachment":"scroll","background-type":"","background-media":"","overlay-type":"","overlay-color":"","overlay-opacity":"","overlay-gradient":""},"tablet":{"background-color":"var(--ast-global-color-5)","background-image":"","background-repeat":"repeat","background-position":"center center","background-size":"auto","background-attachment":"scroll","background-type":"","background-media":"","overlay-type":"","overlay-color":"","overlay-opacity":"","overlay-gradient":""},"mobile":{"background-color":"var(--ast-global-color-5)","background-image":"","background-repeat":"repeat","background-position":"center center","background-size":"auto","background-attachment":"scroll","background-type":"","background-media":"","overlay-type":"","overlay-color":"","overlay-opacity":"","overlay-gradient":""}},"footnotes":""},"categories":[513,745,3,2,747],"tags":[171],"class_list":["post-24322","post","type-post","status-publish","format-standard","hentry","category-blogs-daula","category-curs-2025-26","category-i3","category-infantil","category-promocio-18","tag-sant-jordi"],"post_mailing_queue_ids":[],"_links":{"self":[{"href":"https:\/\/agora.xtec.cat\/ceiplamitjana\/wp-json\/wp\/v2\/posts\/24322","targetHints":{"allow":["GET"]}}],"collection":[{"href":"https:\/\/agora.xtec.cat\/ceiplamitjana\/wp-json\/wp\/v2\/posts"}],"about":[{"href":"https:\/\/agora.xtec.cat\/ceiplamitjana\/wp-json\/wp\/v2\/types\/post"}],"author":[{"embeddable":true,"href":"https:\/\/agora.xtec.cat\/ceiplamitjana\/wp-json\/wp\/v2\/users\/105"}],"replies":[{"embeddable":true,"href":"https:\/\/agora.xtec.cat\/ceiplamitjana\/wp-json\/wp\/v2\/comments?post=24322"}],"version-history":[{"count":3,"href":"https:\/\/agora.xtec.cat\/ceiplamitjana\/wp-json\/wp\/v2\/posts\/24322\/revisions"}],"predecessor-version":[{"id":24326,"href":"https:\/\/agora.xtec.cat\/ceiplamitjana\/wp-json\/wp\/v2\/posts\/24322\/revisions\/24326"}],"wp:attachment":[{"href":"https:\/\/agora.xtec.cat\/ceiplamitjana\/wp-json\/wp\/v2\/media?parent=24322"}],"wp:term":[{"taxonomy":"category","embeddable":true,"href":"https:\/\/agora.xtec.cat\/ceiplamitjana\/wp-json\/wp\/v2\/categories?post=24322"},{"taxonomy":"post_tag","embeddable":true,"href":"https:\/\/agora.xtec.cat\/ceiplamitjana\/wp-json\/wp\/v2\/tags?post=24322"}],"curies":[{"name":"wp","href":"https:\/\/api.w.org\/{rel}","templated":true}]}}