{"id":24272,"date":"2026-04-28T20:42:52","date_gmt":"2026-04-28T18:42:52","guid":{"rendered":"https:\/\/agora.xtec.cat\/ceiplamitjana\/?p=24272"},"modified":"2026-04-28T20:42:54","modified_gmt":"2026-04-28T18:42:54","slug":"any-gaudi-promocio-de-la-llengua-i-la-cultura-catalana","status":"publish","type":"post","link":"https:\/\/agora.xtec.cat\/ceiplamitjana\/general\/any-gaudi-promocio-de-la-llengua-i-la-cultura-catalana\/","title":{"rendered":"ANY GAUD\u00cd: PROMOCI\u00d3 DE LA LLENGUA I LA CULTURA CATALANA"},"content":{"rendered":"\n<p>Aquest any, la nostra escola s\u2019ha vestit de gala per retre homenatge a un dels genis m\u00e9s universals de la nostra terra:&nbsp;<strong>Antoni Gaud\u00ed<\/strong>. Coincidint amb la celebraci\u00f3 de l&#8217;Any Gaud\u00ed, els alumnes han deixat volar la seva imaginaci\u00f3 per transformar el hall en un petit museu que respira modernisme, cultura i identitat catalana.<\/p>\n\n\n\n<p>L&#8217;exposici\u00f3 \u00e9s , on cada grup ha explorat una faceta diferent de l&#8217;arquitecte. Passejar-hi \u00e9s com fer un viatge pel cor de Barcelona i de la natura, la principal font d&#8217;inspiraci\u00f3 de l&#8217;artista:<\/p>\n\n\n\n<p>Hem aixecat estructures amb volum que ens transporten a la verticalitat de la&nbsp;<strong>Sagrada Fam\u00edlia<\/strong>&nbsp;i a les formes org\u00e0niques i ondulades de la&nbsp;<strong>Casa Batll\u00f3<\/strong>.<\/p>\n\n\n\n<p>No podien faltar les nostres pr\u00f2pies&nbsp;<strong>rajoles de trencad\u00eds<\/strong>, on hem apr\u00e8s que la bellesa sovint neix de recollir peces trencades i donar-los una vida nova i brillant.<\/p>\n\n\n\n<p>Hem creat animals fets amb taps i materials reciclats, unint la t\u00e8cnica de Gaud\u00ed amb la consci\u00e8ncia mediambiental. Si <strong>cliqueu a la imatge<\/strong> podreu veure imatges del proc\u00e9s.<\/p>\n\n\n\n<figure class=\"wp-block-image size-full is-resized\"><a href=\"https:\/\/photos.app.goo.gl\/ksEs4rchJzaNCQE49\"><img loading=\"lazy\" decoding=\"async\" width=\"600\" height=\"600\" src=\"https:\/\/agora.xtec.cat\/ceiplamitjana\/wp-content\/uploads\/usu573\/2026\/04\/Centenari-Gaudi.jpg\" alt=\"\" class=\"wp-image-24366\" style=\"width:280px;height:auto\" srcset=\"https:\/\/agora.xtec.cat\/ceiplamitjana\/wp-content\/uploads\/usu573\/2026\/04\/Centenari-Gaudi.jpg 600w, https:\/\/agora.xtec.cat\/ceiplamitjana\/wp-content\/uploads\/usu573\/2026\/04\/Centenari-Gaudi-300x300.jpg 300w, https:\/\/agora.xtec.cat\/ceiplamitjana\/wp-content\/uploads\/usu573\/2026\/04\/Centenari-Gaudi-150x150.jpg 150w\" sizes=\"auto, (max-width: 600px) 100vw, 600px\" \/><\/a><\/figure>\n\n\n\n<p>Tamb\u00e9 hi trobareu inicials decorades amb motius gaudinians, barrejant el llegat de l&#8217;autor amb l&#8217;ess\u00e8ncia de cada alumne, autorretrats, una reinterpretaci\u00f3 de la nostra escola&#8230; i moltes coses m\u00e9s!<\/p>\n\n\n\n<p>Aquesta exposici\u00f3 no \u00e9s nom\u00e9s una mostra pl\u00e0stica; \u00e9s una celebraci\u00f3 de la nostra&nbsp;<strong>llengua i cultura catalana<\/strong>. Gaud\u00ed no nom\u00e9s constru\u00efa edificis; constru\u00efa una manera d&#8217;entendre el m\u00f3n des d&#8217;aqu\u00ed, des de la nostra llum mediterr\u00e0nia i les nostres tradicions.<\/p>\n\n\n\n<p>Cliqueu a la foto per veure totes les mostres de l&#8217;exposici\u00f3 en cas de no haver-la vist en persona:<\/p>\n\n\n\n<figure class=\"wp-block-image size-large is-resized\"><a href=\"https:\/\/photos.app.goo.gl\/f8eYcxbVLNL19PbT7\"><img loading=\"lazy\" decoding=\"async\" width=\"768\" height=\"1024\" src=\"https:\/\/agora.xtec.cat\/ceiplamitjana\/wp-content\/uploads\/usu573\/2026\/04\/IMG_1085-768x1024.jpg\" alt=\"\" class=\"wp-image-24367\" style=\"width:449px;height:auto\" srcset=\"https:\/\/agora.xtec.cat\/ceiplamitjana\/wp-content\/uploads\/usu573\/2026\/04\/IMG_1085-768x1024.jpg 768w, https:\/\/agora.xtec.cat\/ceiplamitjana\/wp-content\/uploads\/usu573\/2026\/04\/IMG_1085-225x300.jpg 225w, https:\/\/agora.xtec.cat\/ceiplamitjana\/wp-content\/uploads\/usu573\/2026\/04\/IMG_1085.jpg 1034w\" sizes=\"auto, (max-width: 768px) 100vw, 768px\" \/><\/a><\/figure>\n\n\n\n<p><strong>Gr\u00e0cies a tots els que heu fet possible que l&#8217;esperit de Gaud\u00ed bategui amb for\u00e7a a l&#8217;escola!<\/strong><\/p>\n\n\n\n<p><\/p>\n","protected":false},"excerpt":{"rendered":"<p>Aquest any, la nostra escola s\u2019ha vestit de gala per retre homenatge a un dels genis m\u00e9s universals de la nostra terra:&nbsp;Antoni Gaud\u00ed. Coincidint amb la celebraci\u00f3 de l&#8217;Any Gaud\u00ed, els alumnes han deixat volar la seva imaginaci\u00f3 per transformar el hall en un petit museu que respira modernisme, cultura i identitat catalana. L&#8217;exposici\u00f3 \u00e9s [&hellip;]<\/p>\n","protected":false},"author":92,"featured_media":24367,"comment_status":"open","ping_status":"open","sticky":false,"template":"","format":"standard","meta":{"_bbp_topic_count":0,"_bbp_reply_count":0,"_bbp_total_topic_count":0,"_bbp_total_reply_count":0,"_bbp_voice_count":0,"_bbp_anonymous_reply_count":0,"_bbp_topic_count_hidden":0,"_bbp_reply_count_hidden":0,"_bbp_forum_subforum_count":0,"site-sidebar-layout":"default","site-content-layout":"","ast-site-content-layout":"default","site-content-style":"default","site-sidebar-style":"default","ast-global-header-display":"","ast-banner-title-visibility":"","ast-main-header-display":"","ast-hfb-above-header-display":"","ast-hfb-below-header-display":"","ast-hfb-mobile-header-display":"","site-post-title":"","ast-breadcrumbs-content":"","ast-featured-img":"","footer-sml-layout":"","theme-transparent-header-meta":"","adv-header-id-meta":"","stick-header-meta":"","header-above-stick-meta":"","header-main-stick-meta":"","header-below-stick-meta":"","astra-migrate-meta-layouts":"set","ast-page-background-enabled":"default","ast-page-background-meta":{"desktop":{"background-color":"var(--ast-global-color-4)","background-image":"","background-repeat":"repeat","background-position":"center center","background-size":"auto","background-attachment":"scroll","background-type":"","background-media":"","overlay-type":"","overlay-color":"","overlay-opacity":"","overlay-gradient":""},"tablet":{"background-color":"","background-image":"","background-repeat":"repeat","background-position":"center center","background-size":"auto","background-attachment":"scroll","background-type":"","background-media":"","overlay-type":"","overlay-color":"","overlay-opacity":"","overlay-gradient":""},"mobile":{"background-color":"","background-image":"","background-repeat":"repeat","background-position":"center center","background-size":"auto","background-attachment":"scroll","background-type":"","background-media":"","overlay-type":"","overlay-color":"","overlay-opacity":"","overlay-gradient":""}},"ast-content-background-meta":{"desktop":{"background-color":"var(--ast-global-color-5)","background-image":"","background-repeat":"repeat","background-position":"center center","background-size":"auto","background-attachment":"scroll","background-type":"","background-media":"","overlay-type":"","overlay-color":"","overlay-opacity":"","overlay-gradient":""},"tablet":{"background-color":"var(--ast-global-color-5)","background-image":"","background-repeat":"repeat","background-position":"center center","background-size":"auto","background-attachment":"scroll","background-type":"","background-media":"","overlay-type":"","overlay-color":"","overlay-opacity":"","overlay-gradient":""},"mobile":{"background-color":"var(--ast-global-color-5)","background-image":"","background-repeat":"repeat","background-position":"center center","background-size":"auto","background-attachment":"scroll","background-type":"","background-media":"","overlay-type":"","overlay-color":"","overlay-opacity":"","overlay-gradient":""}},"footnotes":""},"categories":[10,11,12,13,14,15,513,745,1,743,3,8,9,2,742,4,339,340,440,515,576,627,677,713,747],"tags":[],"class_list":["post-24272","post","type-post","status-publish","format-standard","has-post-thumbnail","hentry","category-1r","category-2n","category-3r","category-4t","category-5e","category-6e","category-blogs-daula","category-curs-2025-26","category-general","category-grans","category-i3","category-i4","category-i5","category-infantil","category-mitjans","category-portada","category-339","category-340","category-promocio-12","category-promocio-13","category-promocio-14","category-promocio-15","category-promocio-16","category-promocio-17","category-promocio-18"],"post_mailing_queue_ids":[],"_links":{"self":[{"href":"https:\/\/agora.xtec.cat\/ceiplamitjana\/wp-json\/wp\/v2\/posts\/24272","targetHints":{"allow":["GET"]}}],"collection":[{"href":"https:\/\/agora.xtec.cat\/ceiplamitjana\/wp-json\/wp\/v2\/posts"}],"about":[{"href":"https:\/\/agora.xtec.cat\/ceiplamitjana\/wp-json\/wp\/v2\/types\/post"}],"author":[{"embeddable":true,"href":"https:\/\/agora.xtec.cat\/ceiplamitjana\/wp-json\/wp\/v2\/users\/92"}],"replies":[{"embeddable":true,"href":"https:\/\/agora.xtec.cat\/ceiplamitjana\/wp-json\/wp\/v2\/comments?post=24272"}],"version-history":[{"count":2,"href":"https:\/\/agora.xtec.cat\/ceiplamitjana\/wp-json\/wp\/v2\/posts\/24272\/revisions"}],"predecessor-version":[{"id":24368,"href":"https:\/\/agora.xtec.cat\/ceiplamitjana\/wp-json\/wp\/v2\/posts\/24272\/revisions\/24368"}],"wp:featuredmedia":[{"embeddable":true,"href":"https:\/\/agora.xtec.cat\/ceiplamitjana\/wp-json\/wp\/v2\/media\/24367"}],"wp:attachment":[{"href":"https:\/\/agora.xtec.cat\/ceiplamitjana\/wp-json\/wp\/v2\/media?parent=24272"}],"wp:term":[{"taxonomy":"category","embeddable":true,"href":"https:\/\/agora.xtec.cat\/ceiplamitjana\/wp-json\/wp\/v2\/categories?post=24272"},{"taxonomy":"post_tag","embeddable":true,"href":"https:\/\/agora.xtec.cat\/ceiplamitjana\/wp-json\/wp\/v2\/tags?post=24272"}],"curies":[{"name":"wp","href":"https:\/\/api.w.org\/{rel}","templated":true}]}}