{"id":21573,"date":"2025-01-16T16:01:47","date_gmt":"2025-01-16T15:01:47","guid":{"rendered":"https:\/\/agora.xtec.cat\/ceiplamitjana\/?p=21573"},"modified":"2025-03-18T09:10:51","modified_gmt":"2025-03-18T08:10:51","slug":"tallers-de-salut-amb-families","status":"publish","type":"post","link":"https:\/\/agora.xtec.cat\/ceiplamitjana\/general\/tallers-de-salut-amb-families\/","title":{"rendered":"TALLERS DE SALUT AMB FAM\u00cdLIES"},"content":{"rendered":"<p>Ahir a la tarda, a l&#8217;escola La Mitjana, vam iniciar <strong>l&#8217;Escola de Salut per a fam\u00edlies, <\/strong>amb una sessi\u00f3 sobre l&#8217;\u00fas de pantalles durant la inf\u00e0ncia, a c\u00e0rrec de l&#8217;infermer referent de salut comunit\u00e0ria del CAP de Bal\u00e0fia-Pardinyes-Sec\u00e0, Jacob Mesalles.<\/p>\n<p>Ha destacat la import\u00e0ncia de supervisar de forma molt estricta la utilitzaci\u00f3 de pantalles fins als 12 anys, i de cap manera iniciar-ne l&#8217;\u00fas abans dels 3 anys. Ja hi ha evid\u00e8ncies cient\u00edfiques que sostenen que l&#8217;\u00fas inadequat de pantalles s\u00f3n la causa principal dels retards en el llenguatge, manca d&#8217;habilitats socials i trastorns del desenvolupament i de la conducta durant la inf\u00e0ncia i l&#8217;adolesc\u00e8ncia.<\/p>\n<p>Tamb\u00e9 ha destacat la import\u00e0ncia de no utilitzar-les durant els \u00e0pats, ni per calmar les enrabiades ni en moments d&#8217;espera (restaurants, transport, sala d&#8217;espera&#8230;)<\/p>\n<p>Pr\u00f2ximament, es tractaran altres temes com: les normes i l\u00edmits, l&#8217;alimentaci\u00f3, els canvis en el cos&#8230; i simult\u00e0niament amb els tallers que farem amb els vostres fills i filles a les aules.<\/p>\n<p>Us animem a assistir a les seg\u00fcents sessions que es faran de manera <strong>quinzenal, els dimecres de les 16:45\u202fh a les 17:45\u202fh a la sala de mestres.<\/strong><\/p>\n<p>Moltes gr\u00e0cies, Jacob, per la teva xerrada i gr\u00e0cies a les fam\u00edlies que vau assistir!!!<\/p>\n<p><a href=\"https:\/\/agora.xtec.cat\/ceiplamitjana\/wp-content\/uploads\/usu573\/2025\/01\/tallers-de-salut-scaled.jpg\"><img loading=\"lazy\" decoding=\"async\" class=\"alignnone wp-image-21574\" src=\"https:\/\/agora.xtec.cat\/ceiplamitjana\/wp-content\/uploads\/usu573\/2025\/01\/tallers-de-salut-1024x768.jpg\" alt=\"\" width=\"478\" height=\"358\" \/><\/a><\/p>\n<p>&nbsp;<\/p>\n","protected":false},"excerpt":{"rendered":"<p>Ahir a la tarda, a l&#8217;escola La Mitjana, vam iniciar l&#8217;Escola de Salut per a fam\u00edlies, amb una sessi\u00f3 sobre l&#8217;\u00fas de pantalles durant la inf\u00e0ncia, a c\u00e0rrec de l&#8217;infermer referent de salut comunit\u00e0ria del CAP de Bal\u00e0fia-Pardinyes-Sec\u00e0, Jacob Mesalles. Ha destacat la import\u00e0ncia de supervisar de forma molt estricta la utilitzaci\u00f3 de pantalles fins [&hellip;]<\/p>\n","protected":false},"author":60,"featured_media":0,"comment_status":"open","ping_status":"closed","sticky":false,"template":"","format":"standard","meta":{"_bbp_topic_count":0,"_bbp_reply_count":0,"_bbp_total_topic_count":0,"_bbp_total_reply_count":0,"_bbp_voice_count":0,"_bbp_anonymous_reply_count":0,"_bbp_topic_count_hidden":0,"_bbp_reply_count_hidden":0,"_bbp_forum_subforum_count":0,"site-sidebar-layout":"default","site-content-layout":"","ast-site-content-layout":"","site-content-style":"default","site-sidebar-style":"default","ast-global-header-display":"","ast-banner-title-visibility":"","ast-main-header-display":"","ast-hfb-above-header-display":"","ast-hfb-below-header-display":"","ast-hfb-mobile-header-display":"","site-post-title":"","ast-breadcrumbs-content":"","ast-featured-img":"","footer-sml-layout":"","theme-transparent-header-meta":"","adv-header-id-meta":"","stick-header-meta":"","header-above-stick-meta":"","header-main-stick-meta":"","header-below-stick-meta":"","astra-migrate-meta-layouts":"default","ast-page-background-enabled":"default","ast-page-background-meta":{"desktop":{"background-color":"var(--ast-global-color-4)","background-image":"","background-repeat":"repeat","background-position":"center center","background-size":"auto","background-attachment":"scroll","background-type":"","background-media":"","overlay-type":"","overlay-color":"","overlay-opacity":"","overlay-gradient":""},"tablet":{"background-color":"","background-image":"","background-repeat":"repeat","background-position":"center center","background-size":"auto","background-attachment":"scroll","background-type":"","background-media":"","overlay-type":"","overlay-color":"","overlay-opacity":"","overlay-gradient":""},"mobile":{"background-color":"","background-image":"","background-repeat":"repeat","background-position":"center center","background-size":"auto","background-attachment":"scroll","background-type":"","background-media":"","overlay-type":"","overlay-color":"","overlay-opacity":"","overlay-gradient":""}},"ast-content-background-meta":{"desktop":{"background-color":"var(--ast-global-color-5)","background-image":"","background-repeat":"repeat","background-position":"center center","background-size":"auto","background-attachment":"scroll","background-type":"","background-media":"","overlay-type":"","overlay-color":"","overlay-opacity":"","overlay-gradient":""},"tablet":{"background-color":"var(--ast-global-color-5)","background-image":"","background-repeat":"repeat","background-position":"center center","background-size":"auto","background-attachment":"scroll","background-type":"","background-media":"","overlay-type":"","overlay-color":"","overlay-opacity":"","overlay-gradient":""},"mobile":{"background-color":"var(--ast-global-color-5)","background-image":"","background-repeat":"repeat","background-position":"center center","background-size":"auto","background-attachment":"scroll","background-type":"","background-media":"","overlay-type":"","overlay-color":"","overlay-opacity":"","overlay-gradient":""}},"footnotes":""},"categories":[712,1,2,4],"tags":[],"class_list":["post-21573","post","type-post","status-publish","format-standard","hentry","category-curs-2024-25","category-general","category-infantil","category-portada"],"post_mailing_queue_ids":[],"_links":{"self":[{"href":"https:\/\/agora.xtec.cat\/ceiplamitjana\/wp-json\/wp\/v2\/posts\/21573","targetHints":{"allow":["GET"]}}],"collection":[{"href":"https:\/\/agora.xtec.cat\/ceiplamitjana\/wp-json\/wp\/v2\/posts"}],"about":[{"href":"https:\/\/agora.xtec.cat\/ceiplamitjana\/wp-json\/wp\/v2\/types\/post"}],"author":[{"embeddable":true,"href":"https:\/\/agora.xtec.cat\/ceiplamitjana\/wp-json\/wp\/v2\/users\/60"}],"replies":[{"embeddable":true,"href":"https:\/\/agora.xtec.cat\/ceiplamitjana\/wp-json\/wp\/v2\/comments?post=21573"}],"version-history":[{"count":2,"href":"https:\/\/agora.xtec.cat\/ceiplamitjana\/wp-json\/wp\/v2\/posts\/21573\/revisions"}],"predecessor-version":[{"id":21577,"href":"https:\/\/agora.xtec.cat\/ceiplamitjana\/wp-json\/wp\/v2\/posts\/21573\/revisions\/21577"}],"wp:attachment":[{"href":"https:\/\/agora.xtec.cat\/ceiplamitjana\/wp-json\/wp\/v2\/media?parent=21573"}],"wp:term":[{"taxonomy":"category","embeddable":true,"href":"https:\/\/agora.xtec.cat\/ceiplamitjana\/wp-json\/wp\/v2\/categories?post=21573"},{"taxonomy":"post_tag","embeddable":true,"href":"https:\/\/agora.xtec.cat\/ceiplamitjana\/wp-json\/wp\/v2\/tags?post=21573"}],"curies":[{"name":"wp","href":"https:\/\/api.w.org\/{rel}","templated":true}]}}