{"id":19418,"date":"2024-01-22T19:07:49","date_gmt":"2024-01-22T18:07:49","guid":{"rendered":"https:\/\/agora.xtec.cat\/ceiplamitjana\/?p=19418"},"modified":"2024-03-05T11:49:30","modified_gmt":"2024-03-05T10:49:30","slug":"certamen-de-lectura-en-veu-alta-a-lescola","status":"publish","type":"post","link":"https:\/\/agora.xtec.cat\/ceiplamitjana\/general\/certamen-de-lectura-en-veu-alta-a-lescola\/","title":{"rendered":"CERTAMEN DE LECTURA EN VEU ALTA A L&#8217;ESCOLA"},"content":{"rendered":"<p>Com cada any l&#8217;escola la Mitjana organitza el seu certamen per elegir els\/les representants de la nostra escola que participaran en la XX Certamen nacional infantil i juvenil de lectura en veu alta del curs 2023-2024.<\/p>\n<p>Els\/les alumnes de 4rt participen en la categoria de Grumets Vermells amb el llibre &#8220;Capit\u00e0 Lluc&#8221; de Carles Sala de la Galera i els\/les alumnes de 5\u00e8 en la categoria de Grumets Verds amb el llibre &#8220;El vuit\u00e8 nan&#8221; de Josep Vallverd\u00fa de la Galera.<\/p>\n<p>El dijous 14 i divendres 15 de desembre hem celebrat aquest certamen amb la participaci\u00f3 al jurat de dos mestres jubilades de la nostra escola la Dolors i la Roser. Moltes gr\u00e0cies per la vostra col.laboraci\u00f3.<\/p>\n<p>Els guanyadors i les guanyadores aquest any s\u00f3n:<\/p>\n<p>Grumets Vermells:<\/p>\n<ul>\n<li>Guanyadora: VALENTINA S.<\/li>\n<li>Semifinalista:MARTINA C.<\/li>\n<\/ul>\n<p>Grumets Verds:<\/p>\n<ul>\n<li>Guanyador: JOEL C.<\/li>\n<li>Semifinalista: BLAU P.<\/li>\n<\/ul>\n<p>Premi especial a l&#8217;esfor\u00e7 i el treball:<\/p>\n<ul>\n<li>.YOUSSEF E.<\/li>\n<li>.YASMINE B.<\/li>\n<li>HAMIDU K.<\/li>\n<li>DIEGO I.<\/li>\n<\/ul>\n<p>Moltes gr\u00e0cies a tots i totes pel treball\u00a0 que heu fet aquests dies.<\/p>\n<p>Comissi\u00f3 de Biblioteca<\/p>\n<div id=\"2CCBE\" style=\"width: 100%; max-width: 600px; height: 400px; display: none;\"><img decoding=\"async\" src=\"https:\/\/lh3.googleusercontent.com\/pw\/ABLVV84KUTiKvkwzwZb3VEtRSNfDz0_CVFwM6GocPQkzkfRYAadyBoNMaFLiWOUiayN1w5P1L2j0CxvT3ezB6c3GO4kOUX9iAwITFh_0dDwbNR2KwKAbyjdSWcoPY8xf9qXrMhSkBYGJTYRhVhlTHkEYP-D0dCjdNzgYKk1Eu_FOcoGYqyCbI-qRm0U0bwuQQpMm1-qDq5GPm8GnhpODy9jIoEi4c7Tabg_uVFHnbsXXgrRq9_zgYC1hPS93oHswskH3x-Peg8eLs_UCthJ_vxBChERjhBpKRyHQ1aTJ5pueb8eeBGjHDDMMjDH37c96Um6aZ9SZafTlL7BxRItDnvkRNJg_ZSW6GXrApS7lS13h3-aW2GCExGIKUIjb7pLgQOrqhYyq9NyuTqL0o_jU_Ocg1BHuPlA5An9_sMV9QBa_ioV4TpLH__30mGylJu6TX0Kk-SY1-9YNqdG3I5r3TtwkJOOiFyypQp2rfy3hdzGs8w5aiGjXMr9cGRJEOfHmYFA7wKkIZIUVIqp_zH0blsHpCBDKCOaOUPpXiPUW2cJ5Jt0gqCpkMN0BDh192PzZhx9wm5NyTXiVztfurnmP5AWpVwrxZBPup5vy75mEZ_Gen5GJk-kAVAPdYJqzJ88hsGsA5dNl39ajg-yQaXjs9FIngeCJBxUxU27XeT7qrmzQcTDAizEiJRQLhCRXgRy_1579AvuE_ri-Y3O7QAW1Zao0sGRVEpjrrkxh3TZ3rESsc4XvfLXN-CWeISqrhrxGEJMiXwQALzfReEjEixyYb8KWCIZnJRw87P4Wl_zsqsalovd3M5rAB4rCvYD7OpMPnXEXx3-P_pJBxS_OF4Dahig1eJUeVs65d-2hlfWUNAWJAiIwNkeQv3XmVP6IK_UsuUobsa0UwNZQC1wlROcD1gPlsJZEz56mcmZI281oG-gtncAdSlLe-VSLZ2u0hUji07rAJ_Hhb0TMkZN1NQ=w800-h600-no-s24-p-k-rw-no?authuser=2\" data-link=\"https:\/\/photos.google.com\/u\/2\/share\/AF1QipPET7Gm3NkgVZb6AJZ4GdlZHR8KJ1cyDBtZMx5k0kSUlDeFLHHvvjAYc0xqNNOm8w?key=eW5hbHJQcXZQVU4zZ1hHbkV3WGt5RmN5ZkJVR25R\" \/><\/div>\n<p><script type=\"text\/javascript\" src=\"https:\/\/cdnjs.cloudflare.com\/ajax\/libs\/jquery\/3.6.1\/jquery.min.js\"><\/script><br \/>\n<script>\n  (MyGalleries=(typeof MyGalleries === 'undefined' ? [] : MyGalleries)).push({gallId:'#2CCBE',autoplay:true,lightbox:true,debug:false,popupLinks:true});\n  if(typeof GalleryLoaded === 'undefined'){\n    GalleryLoaded = jQuery(function(){\n      jQuery.ajax({url:'https:\/\/cdnjs.cloudflare.com\/ajax\/libs\/galleria\/1.6.1\/galleria.min.js',dataType:'script',cache:true}).done(function(){\n        Galleria.loadTheme('https:\/\/cdnjs.cloudflare.com\/ajax\/libs\/galleria\/1.6.1\/themes\/classic\/galleria.classic.js');\n        for(var n in MyGalleries){\n          Galleria.run(MyGalleries[n].gallId, MyGalleries[n]);\n          jQuery(MyGalleries[n].gallId).css('display','block');\n        }\n      });\n    });\n  }\n<\/script><\/p>\n","protected":false},"excerpt":{"rendered":"<p>Com cada any l&#8217;escola la Mitjana organitza el seu certamen per elegir els\/les representants de la nostra escola que participaran en la XX Certamen nacional infantil i juvenil de lectura en veu alta del curs 2023-2024. Els\/les alumnes de 4rt participen en la categoria de Grumets Vermells amb el llibre &#8220;Capit\u00e0 Lluc&#8221; de Carles Sala [&hellip;]<\/p>\n","protected":false},"author":46,"featured_media":0,"comment_status":"open","ping_status":"closed","sticky":false,"template":"","format":"standard","meta":{"_bbp_topic_count":0,"_bbp_reply_count":0,"_bbp_total_topic_count":0,"_bbp_total_reply_count":0,"_bbp_voice_count":0,"_bbp_anonymous_reply_count":0,"_bbp_topic_count_hidden":0,"_bbp_reply_count_hidden":0,"_bbp_forum_subforum_count":0,"site-sidebar-layout":"default","site-content-layout":"","ast-site-content-layout":"","site-content-style":"default","site-sidebar-style":"default","ast-global-header-display":"","ast-banner-title-visibility":"","ast-main-header-display":"","ast-hfb-above-header-display":"","ast-hfb-below-header-display":"","ast-hfb-mobile-header-display":"","site-post-title":"","ast-breadcrumbs-content":"","ast-featured-img":"","footer-sml-layout":"","theme-transparent-header-meta":"","adv-header-id-meta":"","stick-header-meta":"","header-above-stick-meta":"","header-main-stick-meta":"","header-below-stick-meta":"","astra-migrate-meta-layouts":"default","ast-page-background-enabled":"default","ast-page-background-meta":{"desktop":{"background-color":"var(--ast-global-color-4)","background-image":"","background-repeat":"repeat","background-position":"center center","background-size":"auto","background-attachment":"scroll","background-type":"","background-media":"","overlay-type":"","overlay-color":"","overlay-opacity":"","overlay-gradient":""},"tablet":{"background-color":"","background-image":"","background-repeat":"repeat","background-position":"center center","background-size":"auto","background-attachment":"scroll","background-type":"","background-media":"","overlay-type":"","overlay-color":"","overlay-opacity":"","overlay-gradient":""},"mobile":{"background-color":"","background-image":"","background-repeat":"repeat","background-position":"center center","background-size":"auto","background-attachment":"scroll","background-type":"","background-media":"","overlay-type":"","overlay-color":"","overlay-opacity":"","overlay-gradient":""}},"ast-content-background-meta":{"desktop":{"background-color":"var(--ast-global-color-5)","background-image":"","background-repeat":"repeat","background-position":"center center","background-size":"auto","background-attachment":"scroll","background-type":"","background-media":"","overlay-type":"","overlay-color":"","overlay-opacity":"","overlay-gradient":""},"tablet":{"background-color":"var(--ast-global-color-5)","background-image":"","background-repeat":"repeat","background-position":"center center","background-size":"auto","background-attachment":"scroll","background-type":"","background-media":"","overlay-type":"","overlay-color":"","overlay-opacity":"","overlay-gradient":""},"mobile":{"background-color":"var(--ast-global-color-5)","background-image":"","background-repeat":"repeat","background-position":"center center","background-size":"auto","background-attachment":"scroll","background-type":"","background-media":"","overlay-type":"","overlay-color":"","overlay-opacity":"","overlay-gradient":""}},"footnotes":""},"categories":[67,1,4],"tags":[533,103],"class_list":["post-19418","post","type-post","status-publish","format-standard","hentry","category-biblioteca","category-general","category-portada","tag-biblioteca-escolar","tag-la-mitjana-tardor"],"post_mailing_queue_ids":[],"_links":{"self":[{"href":"https:\/\/agora.xtec.cat\/ceiplamitjana\/wp-json\/wp\/v2\/posts\/19418","targetHints":{"allow":["GET"]}}],"collection":[{"href":"https:\/\/agora.xtec.cat\/ceiplamitjana\/wp-json\/wp\/v2\/posts"}],"about":[{"href":"https:\/\/agora.xtec.cat\/ceiplamitjana\/wp-json\/wp\/v2\/types\/post"}],"author":[{"embeddable":true,"href":"https:\/\/agora.xtec.cat\/ceiplamitjana\/wp-json\/wp\/v2\/users\/46"}],"replies":[{"embeddable":true,"href":"https:\/\/agora.xtec.cat\/ceiplamitjana\/wp-json\/wp\/v2\/comments?post=19418"}],"version-history":[{"count":6,"href":"https:\/\/agora.xtec.cat\/ceiplamitjana\/wp-json\/wp\/v2\/posts\/19418\/revisions"}],"predecessor-version":[{"id":20077,"href":"https:\/\/agora.xtec.cat\/ceiplamitjana\/wp-json\/wp\/v2\/posts\/19418\/revisions\/20077"}],"wp:attachment":[{"href":"https:\/\/agora.xtec.cat\/ceiplamitjana\/wp-json\/wp\/v2\/media?parent=19418"}],"wp:term":[{"taxonomy":"category","embeddable":true,"href":"https:\/\/agora.xtec.cat\/ceiplamitjana\/wp-json\/wp\/v2\/categories?post=19418"},{"taxonomy":"post_tag","embeddable":true,"href":"https:\/\/agora.xtec.cat\/ceiplamitjana\/wp-json\/wp\/v2\/tags?post=19418"}],"curies":[{"name":"wp","href":"https:\/\/api.w.org\/{rel}","templated":true}]}}