{"id":18388,"date":"2023-05-24T13:51:22","date_gmt":"2023-05-24T11:51:22","guid":{"rendered":"https:\/\/agora.xtec.cat\/ceiplamitjana\/?p=18388"},"modified":"2023-05-25T13:08:41","modified_gmt":"2023-05-25T11:08:41","slug":"cloenda-agenda-21-2","status":"publish","type":"post","link":"https:\/\/agora.xtec.cat\/ceiplamitjana\/general\/cloenda-agenda-21-2\/","title":{"rendered":"Cloenda agenda 21"},"content":{"rendered":"<p>El dimecres 24 de maig nou alumnes de cinqu\u00e8 de l&#8217;escola, en representaci\u00f3 de l&#8217;alumnat i resta de comunitat educativa, van anar al parc de la Mitjana per participar en la fira de projectes ambientals de Lleida i en l&#8217;acte de cloenda de prim\u00e0ria a l&#8217;Agenda 21 escolar durant el curs 22\/23.<br \/>\nLes gaireb\u00e9 14 escoles que formen part d&#8217;aquesta xarxa, aix\u00ed com representants de l&#8217;ajuntament i la xarxa de prevenci\u00f3 de residus a l&#8217;escola van poder gaudir d&#8217;una jornada magn\u00edfica i plena de projectes.<br \/>\nLa presentaci\u00f3 del projecte sobre el canvi clim\u00e0tic de la nostra escola va anar acompanyat d&#8217;un tastet d&#8217;olives del nostre hort i de la projecci\u00f3 de la pel\u00b7l\u00edcula que vam fer com a resultat final.<br \/>\nPosteriorment a la presentaci\u00f3 vam esmorzar i realitzar un taller sobre les capsules de la vida amb unes llavors per plantar.<br \/>\nFinalment es va alliberar un xoriguer que abans havia estat ferit a la natura.<br \/>\nCuidem el medi ambient!<\/p>\n<div class=\"ast-oembed-container \" style=\"height: 100%;\"><iframe loading=\"lazy\" title=\"CLOENDA 21 2023\" width=\"500\" height=\"281\" src=\"https:\/\/www.youtube.com\/embed\/NYsZ32UaNaI?feature=oembed\" frameborder=\"0\" allow=\"accelerometer; autoplay; clipboard-write; encrypted-media; gyroscope; picture-in-picture; web-share\" referrerpolicy=\"strict-origin-when-cross-origin\" allowfullscreen><\/iframe><\/div>\n<p>I per \u00faltim i no menys important, presentar la pel\u00b7l\u00edcula que han fet amb molta il\u00b7lusi\u00f3 els alumnes de 5\u00e8B i que ens ha servit per treballar la reducci\u00f3 del canvi clim\u00e0tic:<\/p>\n<p><a href=\"https:\/\/youtu.be\/_5oLTqvaDhE\" rel=\"noopener\" target=\"_blank\">CLIQUEU AQU\u00cd<\/a><\/p>\n","protected":false},"excerpt":{"rendered":"<p>El dimecres 24 de maig nou alumnes de cinqu\u00e8 de l&#8217;escola, en representaci\u00f3 de l&#8217;alumnat i resta de comunitat educativa, van anar al parc de la Mitjana per participar en la fira de projectes ambientals de Lleida i en l&#8217;acte de cloenda de prim\u00e0ria a l&#8217;Agenda 21 escolar durant el curs 22\/23. Les gaireb\u00e9 14 [&hellip;]<\/p>\n","protected":false},"author":43,"featured_media":18400,"comment_status":"open","ping_status":"closed","sticky":false,"template":"","format":"standard","meta":{"_bbp_topic_count":0,"_bbp_reply_count":0,"_bbp_total_topic_count":0,"_bbp_total_reply_count":0,"_bbp_voice_count":0,"_bbp_anonymous_reply_count":0,"_bbp_topic_count_hidden":0,"_bbp_reply_count_hidden":0,"_bbp_forum_subforum_count":0,"site-sidebar-layout":"default","site-content-layout":"","ast-site-content-layout":"","site-content-style":"default","site-sidebar-style":"default","ast-global-header-display":"","ast-banner-title-visibility":"","ast-main-header-display":"","ast-hfb-above-header-display":"","ast-hfb-below-header-display":"","ast-hfb-mobile-header-display":"","site-post-title":"","ast-breadcrumbs-content":"","ast-featured-img":"","footer-sml-layout":"","theme-transparent-header-meta":"","adv-header-id-meta":"","stick-header-meta":"","header-above-stick-meta":"","header-main-stick-meta":"","header-below-stick-meta":"","astra-migrate-meta-layouts":"default","ast-page-background-enabled":"default","ast-page-background-meta":{"desktop":{"background-color":"var(--ast-global-color-4)","background-image":"","background-repeat":"repeat","background-position":"center center","background-size":"auto","background-attachment":"scroll","background-type":"","background-media":"","overlay-type":"","overlay-color":"","overlay-opacity":"","overlay-gradient":""},"tablet":{"background-color":"","background-image":"","background-repeat":"repeat","background-position":"center center","background-size":"auto","background-attachment":"scroll","background-type":"","background-media":"","overlay-type":"","overlay-color":"","overlay-opacity":"","overlay-gradient":""},"mobile":{"background-color":"","background-image":"","background-repeat":"repeat","background-position":"center center","background-size":"auto","background-attachment":"scroll","background-type":"","background-media":"","overlay-type":"","overlay-color":"","overlay-opacity":"","overlay-gradient":""}},"ast-content-background-meta":{"desktop":{"background-color":"var(--ast-global-color-5)","background-image":"","background-repeat":"repeat","background-position":"center center","background-size":"auto","background-attachment":"scroll","background-type":"","background-media":"","overlay-type":"","overlay-color":"","overlay-opacity":"","overlay-gradient":""},"tablet":{"background-color":"var(--ast-global-color-5)","background-image":"","background-repeat":"repeat","background-position":"center center","background-size":"auto","background-attachment":"scroll","background-type":"","background-media":"","overlay-type":"","overlay-color":"","overlay-opacity":"","overlay-gradient":""},"mobile":{"background-color":"var(--ast-global-color-5)","background-image":"","background-repeat":"repeat","background-position":"center center","background-size":"auto","background-attachment":"scroll","background-type":"","background-media":"","overlay-type":"","overlay-color":"","overlay-opacity":"","overlay-gradient":""}},"footnotes":""},"categories":[14,513,628,1,4],"tags":[],"class_list":["post-18388","post","type-post","status-publish","format-standard","has-post-thumbnail","hentry","category-5e","category-blogs-daula","category-curs-2022-23","category-general","category-portada"],"post_mailing_queue_ids":[],"_links":{"self":[{"href":"https:\/\/agora.xtec.cat\/ceiplamitjana\/wp-json\/wp\/v2\/posts\/18388","targetHints":{"allow":["GET"]}}],"collection":[{"href":"https:\/\/agora.xtec.cat\/ceiplamitjana\/wp-json\/wp\/v2\/posts"}],"about":[{"href":"https:\/\/agora.xtec.cat\/ceiplamitjana\/wp-json\/wp\/v2\/types\/post"}],"author":[{"embeddable":true,"href":"https:\/\/agora.xtec.cat\/ceiplamitjana\/wp-json\/wp\/v2\/users\/43"}],"replies":[{"embeddable":true,"href":"https:\/\/agora.xtec.cat\/ceiplamitjana\/wp-json\/wp\/v2\/comments?post=18388"}],"version-history":[{"count":3,"href":"https:\/\/agora.xtec.cat\/ceiplamitjana\/wp-json\/wp\/v2\/posts\/18388\/revisions"}],"predecessor-version":[{"id":18399,"href":"https:\/\/agora.xtec.cat\/ceiplamitjana\/wp-json\/wp\/v2\/posts\/18388\/revisions\/18399"}],"wp:featuredmedia":[{"embeddable":true,"href":"https:\/\/agora.xtec.cat\/ceiplamitjana\/wp-json\/wp\/v2\/media\/18400"}],"wp:attachment":[{"href":"https:\/\/agora.xtec.cat\/ceiplamitjana\/wp-json\/wp\/v2\/media?parent=18388"}],"wp:term":[{"taxonomy":"category","embeddable":true,"href":"https:\/\/agora.xtec.cat\/ceiplamitjana\/wp-json\/wp\/v2\/categories?post=18388"},{"taxonomy":"post_tag","embeddable":true,"href":"https:\/\/agora.xtec.cat\/ceiplamitjana\/wp-json\/wp\/v2\/tags?post=18388"}],"curies":[{"name":"wp","href":"https:\/\/api.w.org\/{rel}","templated":true}]}}