{"id":985,"date":"2020-03-09T00:08:18","date_gmt":"2020-03-08T23:08:18","guid":{"rendered":"https:\/\/agora.xtec.cat\/ceiplajota\/?p=985"},"modified":"2020-03-11T00:09:11","modified_gmt":"2020-03-10T23:09:11","slug":"donem-la-benvinguda-al-ratoli-perez","status":"publish","type":"post","link":"https:\/\/agora.xtec.cat\/ceiplajota\/infantil\/donem-la-benvinguda-al-ratoli-perez\/","title":{"rendered":"Donem la benvinguda al Ratol\u00ed P\u00e9rez"},"content":{"rendered":"<p>Fa uns dies, a cada classe de l&#8217;escola vam rebre una carta molt especial.<\/p>\n<p><a href=\"https:\/\/agora.xtec.cat\/ceiplajota\/wp-content\/uploads\/usu1571\/2020\/03\/0001-8.jpg\"><img loading=\"lazy\" decoding=\"async\" class=\"aligncenter wp-image-986\" src=\"https:\/\/agora.xtec.cat\/ceiplajota\/wp-content\/uploads\/usu1571\/2020\/03\/0001-8-724x1024.jpg\" alt=\"\" width=\"568\" height=\"803\" srcset=\"https:\/\/agora.xtec.cat\/ceiplajota\/wp-content\/uploads\/usu1571\/2020\/03\/0001-8-724x1024.jpg 724w, https:\/\/agora.xtec.cat\/ceiplajota\/wp-content\/uploads\/usu1571\/2020\/03\/0001-8-212x300.jpg 212w, https:\/\/agora.xtec.cat\/ceiplajota\/wp-content\/uploads\/usu1571\/2020\/03\/0001-8-768x1086.jpg 768w\" sizes=\"auto, (max-width: 568px) 100vw, 568px\" \/><\/a><\/p>\n<div>I avui, hem vist que al passad\u00eds de P5, 1r i 2n, hi ha una porteta rosa molt petita. Benvingut Ratol\u00ed P\u00e9rez a l&#8217;escola!!!<\/div>\n<div>Els nens i les nenes de P5 hi han deixa&#8217;t cartes.<\/div>\n<div><\/div>\n<div><a href=\"https:\/\/agora.xtec.cat\/ceiplajota\/wp-content\/uploads\/usu1571\/2020\/03\/Captura-de-pantalla-2020-03-11-a-les-0.03.20.png\"><img loading=\"lazy\" decoding=\"async\" class=\"aligncenter size-full wp-image-987\" src=\"https:\/\/agora.xtec.cat\/ceiplajota\/wp-content\/uploads\/usu1571\/2020\/03\/Captura-de-pantalla-2020-03-11-a-les-0.03.20.png\" alt=\"\" width=\"912\" height=\"878\" srcset=\"https:\/\/agora.xtec.cat\/ceiplajota\/wp-content\/uploads\/usu1571\/2020\/03\/Captura-de-pantalla-2020-03-11-a-les-0.03.20.png 912w, https:\/\/agora.xtec.cat\/ceiplajota\/wp-content\/uploads\/usu1571\/2020\/03\/Captura-de-pantalla-2020-03-11-a-les-0.03.20-300x289.png 300w, https:\/\/agora.xtec.cat\/ceiplajota\/wp-content\/uploads\/usu1571\/2020\/03\/Captura-de-pantalla-2020-03-11-a-les-0.03.20-768x739.png 768w\" sizes=\"auto, (max-width: 912px) 100vw, 912px\" \/><\/a><\/div>\n<div><\/div>\n<div><\/div>\n<p>&nbsp;<\/p>\n","protected":false},"excerpt":{"rendered":"<p>Fa uns dies, a cada classe de l&#8217;escola vam rebre una carta molt especial.<br \/>\n<a href=\"https:\/\/agora.xtec.cat\/ceiplajota\/wp-content\/uploads\/usu1571\/2020\/03\/0001-8.jpg\"><\/a><br \/>\nI avui, hem vist que al passad\u00eds de P5, 1r i 2n, hi ha una porteta rosa molt petita. Benvingut Ratol\u00ed P\u00e9rez a l&#8217;escola!!!<br \/>\nEls nens i les nenes de P5 hi&hellip;  <a href=\"https:\/\/agora.xtec.cat\/ceiplajota\/infantil\/donem-la-benvinguda-al-ratoli-perez\/\" title=\"Read Donem la benvinguda al Ratol\u00ed P\u00e9rez\">Llegeix m\u00e9s\u00bb<\/a><\/p>\n","protected":false},"author":1,"featured_media":987,"comment_status":"open","ping_status":"closed","sticky":false,"template":"","format":"standard","meta":{"_bbp_topic_count":0,"_bbp_reply_count":0,"_bbp_total_topic_count":0,"_bbp_total_reply_count":0,"_bbp_voice_count":0,"_bbp_anonymous_reply_count":0,"_bbp_topic_count_hidden":0,"_bbp_reply_count_hidden":0,"_bbp_forum_subforum_count":0,"footnotes":""},"categories":[2,4,5],"tags":[],"class_list":["post-985","post","type-post","status-publish","format-standard","has-post-thumbnail","hentry","category-infantil","category-portada","category-primaria"],"post_mailing_queue_ids":[],"_links":{"self":[{"href":"https:\/\/agora.xtec.cat\/ceiplajota\/wp-json\/wp\/v2\/posts\/985","targetHints":{"allow":["GET"]}}],"collection":[{"href":"https:\/\/agora.xtec.cat\/ceiplajota\/wp-json\/wp\/v2\/posts"}],"about":[{"href":"https:\/\/agora.xtec.cat\/ceiplajota\/wp-json\/wp\/v2\/types\/post"}],"author":[{"embeddable":true,"href":"https:\/\/agora.xtec.cat\/ceiplajota\/wp-json\/wp\/v2\/users\/1"}],"replies":[{"embeddable":true,"href":"https:\/\/agora.xtec.cat\/ceiplajota\/wp-json\/wp\/v2\/comments?post=985"}],"version-history":[{"count":1,"href":"https:\/\/agora.xtec.cat\/ceiplajota\/wp-json\/wp\/v2\/posts\/985\/revisions"}],"predecessor-version":[{"id":988,"href":"https:\/\/agora.xtec.cat\/ceiplajota\/wp-json\/wp\/v2\/posts\/985\/revisions\/988"}],"wp:featuredmedia":[{"embeddable":true,"href":"https:\/\/agora.xtec.cat\/ceiplajota\/wp-json\/wp\/v2\/media\/987"}],"wp:attachment":[{"href":"https:\/\/agora.xtec.cat\/ceiplajota\/wp-json\/wp\/v2\/media?parent=985"}],"wp:term":[{"taxonomy":"category","embeddable":true,"href":"https:\/\/agora.xtec.cat\/ceiplajota\/wp-json\/wp\/v2\/categories?post=985"},{"taxonomy":"post_tag","embeddable":true,"href":"https:\/\/agora.xtec.cat\/ceiplajota\/wp-json\/wp\/v2\/tags?post=985"}],"curies":[{"name":"wp","href":"https:\/\/api.w.org\/{rel}","templated":true}]}}