{"id":7269,"date":"2026-04-24T13:34:29","date_gmt":"2026-04-24T11:34:29","guid":{"rendered":"https:\/\/agora.xtec.cat\/ceiplajota\/?p=7269"},"modified":"2026-04-26T13:56:31","modified_gmt":"2026-04-26T11:56:31","slug":"sant-jordi-2026","status":"publish","type":"post","link":"https:\/\/agora.xtec.cat\/ceiplajota\/general\/sant-jordi-2026\/","title":{"rendered":"SANT JORDI 2026"},"content":{"rendered":"<p data-start=\"90\" data-end=\"304\">El 23 d\u2019abril se celebra la <span style=\"color: #ff0000;\"><strong><span class=\"hover:entity-accent entity-underline inline cursor-pointer align-baseline\"><span class=\"whitespace-normal\">Diada de Sant Jordi<\/span><\/span><\/strong><\/span>, una de les tradicions m\u00e9s emblem\u00e0tiques de Catalunya. Durant aquesta jornada, \u00e9s habitual regalar llibres i roses com a s\u00edmbol de cultura i estima.<\/p>\n<p data-start=\"306\" data-end=\"501\">Amb origen en la llegenda de <span class=\"hover:entity-accent entity-underline inline cursor-pointer align-baseline\"><span class=\"whitespace-normal\">Sant Jordi<\/span><\/span>, aquesta diada s\u2019ha convertit en una cita destacada per a lectors, autors i comer\u00e7os, amb carrers plens de parades i activitats.<\/p>\n<p style=\"text-align: center;\" data-start=\"306\" data-end=\"501\"><a href=\"https:\/\/agora.xtec.cat\/ceiplajota\/wp-content\/uploads\/usu1571\/2026\/04\/Sant-Jordi.png\"><img loading=\"lazy\" decoding=\"async\" class=\"aligncenter size-medium wp-image-7283\" src=\"https:\/\/agora.xtec.cat\/ceiplajota\/wp-content\/uploads\/usu1571\/2026\/04\/Sant-Jordi-279x300.png\" alt=\"\" width=\"279\" height=\"300\" \/><\/a><\/p>\n<p data-start=\"306\" data-end=\"501\">A l&#8217;<strong><span style=\"color: #ff0000;\">Institut Escola La<\/span><span style=\"color: #ff0000;\"> Jot<\/span><span style=\"color: #ff0000;\">a<\/span><\/strong> tamb\u00e9 ens hi trobem lectors i lectores, escriptors i escriptores i les ganes de compartir una jornada ben bonica.<\/p>\n<p data-start=\"306\" data-end=\"501\">Aquest curs hem organitzat la jornada una mica diferent; hem volgut potenciar la relaci\u00f3 intergeneracional entre l&#8217;alumnat i hem creat estones per compartir la lectura, la entrega de premis i la visita a les paradetes de la Pla\u00e7a Major de la localitat entre diferents grups classe:<\/p>\n<ul>\n<li data-start=\"306\" data-end=\"501\">i5 (Infantil) amb 4t curs (Prim\u00e0ria)<\/li>\n<li data-start=\"306\" data-end=\"501\">1r curs (Prim\u00e0ria)<\/li>\n<li data-start=\"306\" data-end=\"501\">i4 (Infantil) amb 5\u00e8 curs (Prim\u00e0ria)<\/li>\n<li data-start=\"306\" data-end=\"501\">3r curs (Prim\u00e0ria)<\/li>\n<li data-start=\"306\" data-end=\"501\">i3 (Infantil) amb 6\u00e8 curs (Prim\u00e0ria)<\/li>\n<li data-start=\"306\" data-end=\"501\">2n curs (Prim\u00e0ria)<\/li>\n<li data-start=\"306\" data-end=\"501\">1r curs ESO<\/li>\n<li data-start=\"306\" data-end=\"501\">2n curs ESO<\/li>\n<li data-start=\"306\" data-end=\"501\">3r curs ESO<\/li>\n<\/ul>\n<p><strong>Fam\u00edlies lectores<\/strong> ens han vingut a fer lectura en veu alta a l&#8217;alumnat. Una bona ocasi\u00f3 per descobrir noves lectures i participar en una tradici\u00f3 molt arrelada. Donem les gr\u00e0cies a la <span style=\"font-weight: 400;\"><strong>M.Carmen A<\/strong>., mare d&#8217;infantil, a la <strong>Ingrid C.<\/strong>, mare de prim\u00e0ria, a la <strong>Rosa P.<\/strong>, mare de prim\u00e0ria, a la <strong>Patricia M.<\/strong>, mare d&#8217;infantil, a la <strong>Montse S.,\u00a0<\/strong>mare de prim\u00e0ria, a la <strong>Cristina M<\/strong>., mare de prim\u00e0ria i a la <strong>Lurdes L. i Victor V.<\/strong> pares de prim\u00e0ria. Una bona colla de lectors i lectores!<\/span><\/p>\n<p>A la Pla\u00e7a Major de Badia del Vall\u00e8s,\u00a0 parades de llibres, roses i altres productes artesanals omplen l\u2019espai i generen un ambient actiu durant tota la jornada. L&#8217;<strong>AFA<\/strong> hi participa amb una bonica parada de roses de ganxet, llibres i altres productes ben bonics per recollir diners per portar a terme activitats\u00a0 per alumnat i fam\u00edlies.<\/p>\n<p>L&#8217;<strong>alumnat de 3r curs d&#8217;ESO<\/strong>, junt amb alguns pares i mares d&#8217;aquest curs, tamb\u00e9 hi participa venent clauers, caixetes, pins, crispetes, esmorzars i berenars, xocolata desfeta,&#8230;Els diners recollits seran per ajudar a pagar les col\u00f2nies del curs. A m\u00e9s, al llarg del curs ho han treballat a la mat\u00e8ria d&#8217;Emprenedoria amb el seu docent.<\/p>\n<p>No ens podem oblidar de l&#8217;alumnat premiat.<\/p>\n<p><strong>Premis als millors lectors per:<\/strong><\/p>\n<ul>\n<li style=\"font-weight: 400;\" aria-level=\"1\"><span style=\"font-weight: 400;\"><strong>AXEL L.\u00a0<\/strong> de 5\u00e8A<\/span><\/li>\n<li style=\"font-weight: 400;\" aria-level=\"1\"><span style=\"font-weight: 400;\"><strong>MIA L.<\/strong> de 2nA<\/span><\/li>\n<li style=\"font-weight: 400;\" aria-level=\"1\"><span style=\"font-weight: 400;\"><strong>DAVID C.<\/strong> de 6\u00e8B<\/span><\/li>\n<\/ul>\n<p data-start=\"306\" data-end=\"501\">Tamb\u00e9 es premia <strong>l\u2019alumnat d\u2019infantil (i3, i4 i i5) i prim\u00e0ria (cicle inicial, 1r i 2n)\u00a0<\/strong> amb un lot de llibres com a reconeixement i est\u00edmul per fomentar l\u2019h\u00e0bit lector. Aquesta iniciativa t\u00e9 com a objectiu despertar l\u2019inter\u00e8s per la lectura des de ben petits, refor\u00e7ar la curiositat i consolidar els llibres com una eina clau per a l\u2019aprenentatge i el desenvolupament personal.<\/p>\n<p data-start=\"306\" data-end=\"501\">Des de 3r curs de prim\u00e0ria tenim els premis, el Premi a l&#8217;esfor\u00e7, el\u00a0Premi a l&#8217;originalitat i el\u00a0Premi Sant Jordi:<\/p>\n<table style=\"border-collapse: collapse; width: 100%; height: 362px;\">\n<tbody>\n<tr style=\"height: 35px;\">\n<td style=\"width: 15.3757%; height: 10px;\"><b>CURS<\/b><\/td>\n<td style=\"width: 21.6185%; height: 10px;\"><b>\u00a0PREMI\u00a0\u00a0\u00a0\u00a0\u00a0\u00a0\u00a0\u00a0\u00a0\u00a0\u00a0\u00a0\u00a0\u00a0\u00a0\u00a0\u00a0\u00a0\u00a0\u00a0\u00a0\u00a0\u00a0\u00a0\u00a0\u00a0\u00a0\u00a0\u00a0\u00a0\u00a0\u00a0\u00a0<\/b><\/td>\n<td style=\"width: 25.896%; height: 10px;\"><b>NOM I COGNOMS<\/b><\/td>\n<td style=\"width: 36.9942%; height: 10px;\"><b> T\u00cdTOL\u00a0\u00a0<\/b><\/td>\n<\/tr>\n<tr style=\"height: 32px;\">\n<td style=\"width: 15.3757%; height: 32px;\">3r A PRIM<\/td>\n<td style=\"width: 21.6185%; height: 32px;\">Esfor\u00e7<\/p>\n<p>Originalitat<\/p>\n<p>Sant Jordi<\/td>\n<td style=\"width: 25.896%; height: 32px;\">Adri\u00e1n M.<\/p>\n<p>S\u00edlvia B.<\/p>\n<p>Daniel C.<\/td>\n<td style=\"width: 36.9942%; height: 32px;\"><span style=\"font-weight: 400;\">L\u2019ADRI\u00c1N I LA NOIA<\/span><\/p>\n<p><span style=\"font-weight: 400;\">EL DRAGONET<\/span><\/p>\n<p><span style=\"font-weight: 400;\">EL MEU \u00d3S<\/span><\/td>\n<\/tr>\n<tr style=\"height: 32px;\">\n<td style=\"width: 15.3757%; height: 32px;\">3r B PRIM<\/td>\n<td style=\"width: 21.6185%; height: 32px;\">Esfor\u00e7<\/p>\n<p>Originalitat<\/p>\n<p>Sant Jordi<\/td>\n<td style=\"width: 25.896%; height: 32px;\"><span style=\"font-weight: 400;\">EMMA C.<\/span><\/p>\n<p><span style=\"font-weight: 400;\">NORA M.<\/span><\/p>\n<p><span style=\"font-weight: 400;\">MARWA O.<\/span><\/td>\n<td style=\"width: 36.9942%; height: 32px;\"><span style=\"font-weight: 400;\">L\u2019ESQUIROL<\/span><\/p>\n<p><span style=\"font-weight: 400;\">HE FET UNA POESIA<\/span><\/p>\n<p><span style=\"font-weight: 400;\">LA MARIETA<\/span><\/td>\n<\/tr>\n<tr style=\"height: 32px;\">\n<td style=\"width: 15.3757%; height: 32px;\">4t A PRIM<\/td>\n<td style=\"width: 21.6185%; height: 32px;\">Esfor\u00e7<\/p>\n<p>Originalitat<\/p>\n<p>Sant Jordi<\/td>\n<td style=\"width: 25.896%; height: 32px;\"><span style=\"font-weight: 400;\">ADAM A.<\/span><\/p>\n<p><span style=\"font-weight: 400;\">\u00cdNGRID G.<\/span><\/p>\n<p><span style=\"font-weight: 400;\">SARA M.<\/span><\/td>\n<td style=\"width: 36.9942%; height: 32px;\"><span style=\"font-weight: 400;\">HE ANAT<\/span><\/p>\n<p><span style=\"font-weight: 400;\">EL PIKACHU<\/span><\/p>\n<p><span style=\"font-weight: 400;\">SANT JORDI I LA PRINCESA<\/span><\/td>\n<\/tr>\n<tr style=\"height: 32px;\">\n<td style=\"width: 15.3757%; height: 32px;\">4t B PRIM<\/td>\n<td style=\"width: 21.6185%; height: 32px;\">Esfor\u00e7<\/p>\n<p>Originalitat<\/p>\n<p>Sant Jordi<\/td>\n<td style=\"width: 25.896%; height: 32px;\"><span style=\"font-weight: 400;\">NEILL G.<\/span><\/p>\n<p><span style=\"font-weight: 400;\">SANDRA P.<\/span><\/p>\n<p><span style=\"font-weight: 400;\">SAMAY C.<\/span><\/td>\n<td style=\"width: 36.9942%; height: 32px;\"><span style=\"font-weight: 400;\">S\u00d3C EL NEILL<\/span><\/p>\n<p><span style=\"font-weight: 400;\">ROSES<\/span><\/p>\n<p><span style=\"font-weight: 400;\">SANT JORDI<\/span><\/td>\n<\/tr>\n<tr style=\"height: 32px;\">\n<td style=\"width: 15.3757%; height: 32px;\">5\u00e8 A PRIM<\/td>\n<td style=\"width: 21.6185%; height: 32px;\">Esfor\u00e7<\/p>\n<p>Originalitat<\/p>\n<p>Sant Jordi<\/td>\n<td style=\"width: 25.896%; height: 32px;\"><span style=\"font-weight: 400;\">ARES M.<\/span><\/p>\n<p><strong><span style=\"font-weight: 400;\">MARIAM A.<\/span><\/strong><\/p>\n<p><span style=\"font-weight: 400;\">\u00c1XEL L.<\/span><\/td>\n<td style=\"width: 36.9942%; height: 32px;\"><span style=\"font-weight: 400;\">EL TRESOR I EL DRAC<\/span><\/p>\n<p><span style=\"font-weight: 400;\">LA TORTUGA QUE NO T\u00c9 CLOSCA<\/span><\/p>\n<p><span style=\"font-weight: 400;\">SANT JORDI I EL DRAC<\/span><\/td>\n<\/tr>\n<tr style=\"height: 32px;\">\n<td style=\"width: 15.3757%; height: 32px;\">5\u00e8 B PRIM<\/td>\n<td style=\"width: 21.6185%; height: 32px;\">Esfor\u00e7<\/p>\n<p>Originalitat<\/p>\n<p>Sant Jordi<\/td>\n<td style=\"width: 25.896%; height: 32px;\"><span style=\"font-weight: 400;\">IRIA O.<\/span><\/p>\n<p><span style=\"font-weight: 400;\">KARAM A.<\/span><\/p>\n<p><span style=\"font-weight: 400;\">NAYRA C.<\/span><\/td>\n<td style=\"width: 36.9942%; height: 32px;\"><span style=\"font-weight: 400;\">LA ROSA MISTERIOSA<\/span><\/p>\n<p><span style=\"font-weight: 400;\">LA NOTA<\/span><\/p>\n<p><span style=\"font-weight: 400;\">PARAULES QUE BRILLEN AMB FLAMES<\/span><\/td>\n<\/tr>\n<tr style=\"height: 32px;\">\n<td style=\"width: 15.3757%; height: 32px;\">6\u00e8 A PRIM<\/td>\n<td style=\"width: 21.6185%; height: 32px;\">Esfor\u00e7<\/p>\n<p>Originalitat<\/p>\n<p>Sant Jordi<\/td>\n<td style=\"width: 25.896%; height: 32px;\"><span style=\"font-weight: 400;\">SARA R.<\/span><\/p>\n<p><span style=\"font-weight: 400;\">ADRI\u00c1N L.<\/span><\/p>\n<p><span style=\"font-weight: 400;\">QUERALT M.<\/span><\/td>\n<td style=\"width: 36.9942%; height: 32px;\"><span style=\"font-weight: 400;\">EL MES D\u2019ABRIL I LES NENES<\/span><\/p>\n<p><span style=\"font-weight: 400;\">BADIA DEL VALL\u00c8S<\/span><\/p>\n<p><span style=\"font-weight: 400;\">LA PRINCESA<\/span><\/td>\n<\/tr>\n<tr style=\"height: 32px;\">\n<td style=\"width: 15.3757%; height: 32px;\">6\u00e8 B PRIM<\/td>\n<td style=\"width: 21.6185%; height: 32px;\">Esfor\u00e7<\/p>\n<p>Originalitat<\/p>\n<p>Sant Jordi<\/td>\n<td style=\"width: 25.896%; height: 32px;\"><span style=\"font-weight: 400;\">MARIAM L.<\/span><\/p>\n<p><span style=\"font-weight: 400;\">IAN G.<\/span><\/p>\n<p><span style=\"font-weight: 400;\">IBAI O.<\/span><\/td>\n<td style=\"width: 36.9942%; height: 32px;\"><span style=\"font-weight: 400;\">LA HIST\u00d2RIA DE LA C\u00c8LIA<\/span><\/p>\n<p><span style=\"font-weight: 400;\">LA CLASSE DE 6\u00e8B<\/span><\/p>\n<p><span style=\"font-weight: 400;\">EL GRAN SOMNI<\/span><\/td>\n<\/tr>\n<tr style=\"height: 32px;\">\n<td style=\"width: 15.3757%; height: 32px;\">1r ESO<\/td>\n<td style=\"width: 21.6185%; height: 32px;\">Esfor\u00e7<\/p>\n<p>Originalitat<\/p>\n<p>Sant Jordi<\/td>\n<td style=\"width: 25.896%; height: 32px;\"><span style=\"font-weight: 400;\">MARCOS G.<\/span><\/p>\n<p><span style=\"font-weight: 400;\">ERIKA\u00a0 S.<\/span><\/p>\n<p><span style=\"font-weight: 400;\">YARE A.<\/span><\/td>\n<td style=\"width: 36.9942%; height: 32px;\"><span style=\"font-weight: 400;\">UNA HIST\u00d2RIA DE SANT JORDI<\/span><\/p>\n<p><span style=\"font-weight: 400;\">EL POBLE FANTASMA<\/span><\/p>\n<p>L&#8217;ESTIMA D&#8217;UN GAT<\/td>\n<\/tr>\n<tr style=\"height: 32px;\">\n<td style=\"width: 15.3757%; height: 32px;\">2n ESO<\/td>\n<td style=\"width: 21.6185%; height: 32px;\">Esfor\u00e7<\/p>\n<p>Originalitat<\/p>\n<p>Sant Jordi<\/td>\n<td style=\"width: 25.896%; height: 32px;\"><span style=\"font-weight: 400;\">NIL Q.<\/span><\/p>\n<p><span style=\"font-weight: 400;\">AAR\u00d3N M.<\/span><\/p>\n<p><span style=\"font-weight: 400;\">CELIA D.<\/span><\/td>\n<td style=\"width: 36.9942%; height: 32px;\">HIST\u00d2RIA DE SANT JORDI<\/p>\n<p>EL VIATGE D&#8217;EN JOAN I L&#8217;OU D&#8217;OR<\/p>\n<p>ELS JOCS DE LA MORT<\/td>\n<\/tr>\n<tr style=\"height: 32px;\">\n<td style=\"width: 15.3757%; height: 32px;\">3r ESO<\/td>\n<td style=\"width: 21.6185%; height: 32px;\">Esfor\u00e7<\/p>\n<p>Originalitat<\/p>\n<p>Sant Jordi<\/td>\n<td style=\"width: 25.896%; height: 32px;\"><span style=\"font-weight: 400;\">JAEL J.<\/span><\/p>\n<p><span style=\"font-weight: 400;\">\u00c1FRICA G.<\/span><\/p>\n<p><span style=\"font-weight: 400;\">SONIA \u00c1.<\/span><\/td>\n<td style=\"width: 36.9942%; height: 32px;\">EL NEN I ELS SEUS PENSAMENTS<\/p>\n<p>RES NO \u00c9S EL QUE CREUS<\/p>\n<p>LA HIST\u00d2RIA DE SANT JORDI<\/td>\n<\/tr>\n<\/tbody>\n<\/table>\n<p>I tamb\u00e9 tenim els premis que atorga l<strong>&#8216;Ajuntament de Badia del Vall\u00e8s<\/strong>. Aqu\u00ed trobareu l&#8217;enlla\u00e7 a la seva p\u00e0gina web.<\/p>\n<p>https:\/\/www.badiadelvalles.cat\/document.php?id=12132<\/p>\n<p><a href=\"https:\/\/agora.xtec.cat\/ceiplajota\/wp-content\/uploads\/usu1571\/2026\/04\/SJ.png\"><img loading=\"lazy\" decoding=\"async\" class=\"aligncenter wp-image-7281\" src=\"https:\/\/agora.xtec.cat\/ceiplajota\/wp-content\/uploads\/usu1571\/2026\/04\/SJ-300x178.png\" alt=\"\" width=\"490\" height=\"291\" srcset=\"https:\/\/agora.xtec.cat\/ceiplajota\/wp-content\/uploads\/usu1571\/2026\/04\/SJ-300x178.png 300w, https:\/\/agora.xtec.cat\/ceiplajota\/wp-content\/uploads\/usu1571\/2026\/04\/SJ-768x455.png 768w, https:\/\/agora.xtec.cat\/ceiplajota\/wp-content\/uploads\/usu1571\/2026\/04\/SJ.png 877w\" sizes=\"auto, (max-width: 490px) 100vw, 490px\" \/><\/a><\/p>\n<p>Si vols veure imatges d&#8217;aquesta jornada, clica aqu\u00ed:<\/p>\n<p>Ed. Infantil: \u00a0\u00a0<a href=\"https:\/\/photos.app.goo.gl\/dWwhkuLm11brtoZA7\" target=\"_blank\" rel=\"noopener\">https:\/\/photos.app.goo.gl\/dWwhkuLm11brtoZA7<\/a><\/p>\n<p>Cicle inicial:\u00a0\u00a0<a href=\"https:\/\/photos.app.goo.gl\/DepTRMqpv4zj6o1z8\" target=\"_blank\" rel=\"noopener\">https:\/\/photos.app.goo.gl\/DepTRMqpv4zj6o1z8<\/a><\/p>\n<p>Cicle Mitj\u00e0:\u00a0\u00a0<a href=\"https:\/\/photos.app.goo.gl\/WHAspDmoqWvxBTzm7\" target=\"_blank\" rel=\"noopener\">https:\/\/photos.app.goo.gl\/WHAspDmoqWvxBTzm7<\/a><\/p>\n<p>Cicle Superior:\u00a0\u00a0<a href=\"https:\/\/photos.app.goo.gl\/pM1mBa3jqPcezMZ96\" target=\"_blank\" rel=\"noopener\">https:\/\/photos.app.goo.gl\/pM1mBa3jqPcezMZ96<\/a><\/p>\n<p>ESO:\u00a0\u00a0<a href=\"https:\/\/photos.app.goo.gl\/ftkzKaVxdopXWYao9\" target=\"_blank\" rel=\"noopener\">https:\/\/photos.app.goo.gl\/ftkzKaVxdopXWYao9<\/a><\/p>\n<p>I no ens podem oblidar dels <strong>actors i de les actrius de 4t A<\/strong> <strong>PRIM<\/strong> que ens han representat l&#8217;obra de teatre <strong>&#8220;La llegenda de la Princesa i Sant Jordi&#8221;<\/strong>. Al llarg de la setmana l&#8217;han representat per l&#8217;alumnat d&#8217;educaci\u00f3 infantil, de cicle inicial i de 4t A i divendres tarda per les seves fam\u00edlies. Tot un \u00e8xit!!!<\/p>\n<p>&nbsp;<\/p>\n<p style=\"text-align: center;\"><a href=\"https:\/\/agora.xtec.cat\/ceiplajota\/wp-content\/uploads\/usu1571\/2026\/04\/LInstitut-Escola-La-Jota-.jpg\"><img loading=\"lazy\" decoding=\"async\" class=\"aligncenter wp-image-7284\" src=\"https:\/\/agora.xtec.cat\/ceiplajota\/wp-content\/uploads\/usu1571\/2026\/04\/LInstitut-Escola-La-Jota--300x213.jpg\" alt=\"\" width=\"440\" height=\"312\" srcset=\"https:\/\/agora.xtec.cat\/ceiplajota\/wp-content\/uploads\/usu1571\/2026\/04\/LInstitut-Escola-La-Jota--300x213.jpg 300w, https:\/\/agora.xtec.cat\/ceiplajota\/wp-content\/uploads\/usu1571\/2026\/04\/LInstitut-Escola-La-Jota--1024x726.jpg 1024w, https:\/\/agora.xtec.cat\/ceiplajota\/wp-content\/uploads\/usu1571\/2026\/04\/LInstitut-Escola-La-Jota--768x545.jpg 768w, https:\/\/agora.xtec.cat\/ceiplajota\/wp-content\/uploads\/usu1571\/2026\/04\/LInstitut-Escola-La-Jota--1536x1090.jpg 1536w, https:\/\/agora.xtec.cat\/ceiplajota\/wp-content\/uploads\/usu1571\/2026\/04\/LInstitut-Escola-La-Jota-.jpg 1748w\" sizes=\"auto, (max-width: 440px) 100vw, 440px\" \/><\/a><\/p>\n","protected":false},"excerpt":{"rendered":"<p>El 23 d\u2019abril se celebra la Diada de Sant Jordi, una de les tradicions m\u00e9s emblem\u00e0tiques de Catalunya. Durant aquesta jornada, \u00e9s habitual regalar llibres i roses com a s\u00edmbol de cultura i estima.<br \/>\nAmb origen en la llegenda de Sant Jordi, aquesta diada s\u2019ha convertit&hellip;  <a href=\"https:\/\/agora.xtec.cat\/ceiplajota\/general\/sant-jordi-2026\/\" title=\"Read SANT JORDI 2026\">Llegeix m\u00e9s\u00bb<\/a><\/p>\n","protected":false},"author":1,"featured_media":7283,"comment_status":"open","ping_status":"open","sticky":false,"template":"","format":"standard","meta":{"_bbp_topic_count":0,"_bbp_reply_count":0,"_bbp_total_topic_count":0,"_bbp_total_reply_count":0,"_bbp_voice_count":0,"_bbp_anonymous_reply_count":0,"_bbp_topic_count_hidden":0,"_bbp_reply_count_hidden":0,"_bbp_forum_subforum_count":0,"footnotes":""},"categories":[1],"tags":[],"class_list":["post-7269","post","type-post","status-publish","format-standard","has-post-thumbnail","hentry","category-general"],"post_mailing_queue_ids":[],"_links":{"self":[{"href":"https:\/\/agora.xtec.cat\/ceiplajota\/wp-json\/wp\/v2\/posts\/7269","targetHints":{"allow":["GET"]}}],"collection":[{"href":"https:\/\/agora.xtec.cat\/ceiplajota\/wp-json\/wp\/v2\/posts"}],"about":[{"href":"https:\/\/agora.xtec.cat\/ceiplajota\/wp-json\/wp\/v2\/types\/post"}],"author":[{"embeddable":true,"href":"https:\/\/agora.xtec.cat\/ceiplajota\/wp-json\/wp\/v2\/users\/1"}],"replies":[{"embeddable":true,"href":"https:\/\/agora.xtec.cat\/ceiplajota\/wp-json\/wp\/v2\/comments?post=7269"}],"version-history":[{"count":6,"href":"https:\/\/agora.xtec.cat\/ceiplajota\/wp-json\/wp\/v2\/posts\/7269\/revisions"}],"predecessor-version":[{"id":7289,"href":"https:\/\/agora.xtec.cat\/ceiplajota\/wp-json\/wp\/v2\/posts\/7269\/revisions\/7289"}],"wp:featuredmedia":[{"embeddable":true,"href":"https:\/\/agora.xtec.cat\/ceiplajota\/wp-json\/wp\/v2\/media\/7283"}],"wp:attachment":[{"href":"https:\/\/agora.xtec.cat\/ceiplajota\/wp-json\/wp\/v2\/media?parent=7269"}],"wp:term":[{"taxonomy":"category","embeddable":true,"href":"https:\/\/agora.xtec.cat\/ceiplajota\/wp-json\/wp\/v2\/categories?post=7269"},{"taxonomy":"post_tag","embeddable":true,"href":"https:\/\/agora.xtec.cat\/ceiplajota\/wp-json\/wp\/v2\/tags?post=7269"}],"curies":[{"name":"wp","href":"https:\/\/api.w.org\/{rel}","templated":true}]}}