{"id":7267,"date":"2026-04-17T12:09:38","date_gmt":"2026-04-17T10:09:38","guid":{"rendered":"https:\/\/agora.xtec.cat\/ceiplajota\/?p=7267"},"modified":"2026-04-26T12:27:34","modified_gmt":"2026-04-26T10:27:34","slug":"3r-eso-orientacio","status":"publish","type":"post","link":"https:\/\/agora.xtec.cat\/ceiplajota\/general\/3r-eso-orientacio\/","title":{"rendered":"3r ESO &#8211; ORIENTACI\u00d3"},"content":{"rendered":"<p>El dimecres dia 15 d&#8217;abril a l&#8217;Institut Escola La Jota vam fer una trobada amb les fam\u00edlies de 3r d&#8217;ESO per parlar d&#8217;<strong>ORIENTACI\u00d3 EDUCATIVA<\/strong>.<\/p>\n<p>Amb la mirada d&#8217;acompanyament i estima, l&#8217;equip d&#8217;orientaci\u00f3 de secund\u00e0ria del centre, la Iris B. i la Carme J., van explicar a les fam\u00edlies les diferents sortides un cop finalitzada la secund\u00e0ria obligat\u00f2ria.<\/p>\n<p><a href=\"https:\/\/agora.xtec.cat\/ceiplajota\/wp-content\/uploads\/usu1571\/2026\/04\/ESO-2.png\"><img loading=\"lazy\" decoding=\"async\" class=\"aligncenter wp-image-7271\" src=\"https:\/\/agora.xtec.cat\/ceiplajota\/wp-content\/uploads\/usu1571\/2026\/04\/ESO-2-300x159.png\" alt=\"\" width=\"505\" height=\"268\" srcset=\"https:\/\/agora.xtec.cat\/ceiplajota\/wp-content\/uploads\/usu1571\/2026\/04\/ESO-2-300x159.png 300w, https:\/\/agora.xtec.cat\/ceiplajota\/wp-content\/uploads\/usu1571\/2026\/04\/ESO-2-1024x544.png 1024w, https:\/\/agora.xtec.cat\/ceiplajota\/wp-content\/uploads\/usu1571\/2026\/04\/ESO-2-768x408.png 768w, https:\/\/agora.xtec.cat\/ceiplajota\/wp-content\/uploads\/usu1571\/2026\/04\/ESO-2.png 1369w\" sizes=\"auto, (max-width: 505px) 100vw, 505px\" \/><\/a><\/p>\n<p>Compartim la presentaci\u00f3 que vam utilitzar.<\/p>\n<p><a href=\"https:\/\/agora.xtec.cat\/ceiplajota\/wp-content\/uploads\/usu1571\/2026\/04\/PRESENTACIO_ITINERARIS_FORMATIUS.pdf\">PRESENTACI\u00d3_ITINERARIS_FORMATIUS<\/a><\/p>\n<p>Si teniu qualsevol dubte, podeu contactar amb nosaltres i us ajudarem.<\/p>\n<ul>\n<li>Orientadora: Iris B.\u00a0 barbeiris@lajota.net<\/li>\n<li>Orientadora: Carme J.\u00a0 jimenezcarme@lajota.net<\/li>\n<li>Coordinador pedag\u00f2gic: Joan E.\u00a0 \u00a0coordinacio@lajota.net<\/li>\n<li>Al centre: a8078294@xtec.cat<\/li>\n<\/ul>\n<p>&nbsp;<\/p>\n","protected":false},"excerpt":{"rendered":"<p>El dimecres dia 15 d&#8217;abril a l&#8217;Institut Escola La Jota vam fer una trobada amb les fam\u00edlies de 3r d&#8217;ESO per parlar d&#8217;ORIENTACI\u00d3 EDUCATIVA.<br \/>\nAmb la mirada d&#8217;acompanyament i estima, l&#8217;equip d&#8217;orientaci\u00f3 de secund\u00e0ria del centre, la Iris B. i la Carme J., van explicar a&hellip;  <a href=\"https:\/\/agora.xtec.cat\/ceiplajota\/general\/3r-eso-orientacio\/\" title=\"Read 3r ESO &#8211; ORIENTACI\u00d3\">Llegeix m\u00e9s\u00bb<\/a><\/p>\n","protected":false},"author":1,"featured_media":7276,"comment_status":"open","ping_status":"open","sticky":false,"template":"","format":"standard","meta":{"_bbp_topic_count":0,"_bbp_reply_count":0,"_bbp_total_topic_count":0,"_bbp_total_reply_count":0,"_bbp_voice_count":0,"_bbp_anonymous_reply_count":0,"_bbp_topic_count_hidden":0,"_bbp_reply_count_hidden":0,"_bbp_forum_subforum_count":0,"footnotes":""},"categories":[1],"tags":[],"class_list":["post-7267","post","type-post","status-publish","format-standard","has-post-thumbnail","hentry","category-general"],"post_mailing_queue_ids":[],"_links":{"self":[{"href":"https:\/\/agora.xtec.cat\/ceiplajota\/wp-json\/wp\/v2\/posts\/7267","targetHints":{"allow":["GET"]}}],"collection":[{"href":"https:\/\/agora.xtec.cat\/ceiplajota\/wp-json\/wp\/v2\/posts"}],"about":[{"href":"https:\/\/agora.xtec.cat\/ceiplajota\/wp-json\/wp\/v2\/types\/post"}],"author":[{"embeddable":true,"href":"https:\/\/agora.xtec.cat\/ceiplajota\/wp-json\/wp\/v2\/users\/1"}],"replies":[{"embeddable":true,"href":"https:\/\/agora.xtec.cat\/ceiplajota\/wp-json\/wp\/v2\/comments?post=7267"}],"version-history":[{"count":6,"href":"https:\/\/agora.xtec.cat\/ceiplajota\/wp-json\/wp\/v2\/posts\/7267\/revisions"}],"predecessor-version":[{"id":7280,"href":"https:\/\/agora.xtec.cat\/ceiplajota\/wp-json\/wp\/v2\/posts\/7267\/revisions\/7280"}],"wp:featuredmedia":[{"embeddable":true,"href":"https:\/\/agora.xtec.cat\/ceiplajota\/wp-json\/wp\/v2\/media\/7276"}],"wp:attachment":[{"href":"https:\/\/agora.xtec.cat\/ceiplajota\/wp-json\/wp\/v2\/media?parent=7267"}],"wp:term":[{"taxonomy":"category","embeddable":true,"href":"https:\/\/agora.xtec.cat\/ceiplajota\/wp-json\/wp\/v2\/categories?post=7267"},{"taxonomy":"post_tag","embeddable":true,"href":"https:\/\/agora.xtec.cat\/ceiplajota\/wp-json\/wp\/v2\/tags?post=7267"}],"curies":[{"name":"wp","href":"https:\/\/api.w.org\/{rel}","templated":true}]}}