{"id":7262,"date":"2026-04-11T13:59:47","date_gmt":"2026-04-11T11:59:47","guid":{"rendered":"https:\/\/agora.xtec.cat\/ceiplajota\/?p=7262"},"modified":"2026-04-11T14:08:51","modified_gmt":"2026-04-11T12:08:51","slug":"cicle-mitja-catalunya-en-miniatura","status":"publish","type":"post","link":"https:\/\/agora.xtec.cat\/ceiplajota\/general\/cicle-mitja-catalunya-en-miniatura\/","title":{"rendered":"Cicle Mitj\u00e0 &#8211; CATALUNYA EN MINIATURA"},"content":{"rendered":"<p>Bon dia, fam\u00edlies de tercer i quart,<\/p>\n<p>El passat dimecres 8 d&#8217;abril, els alumnes de tercer i quart de prim\u00e0ria van anar d&#8217;excursi\u00f3 a CATALUNYA EN MINIATURA.<\/p>\n<p>En aquesta visita, van poder gaudir de les seves instal\u00b7lacions, observant les obres m\u00e9s destacades del rom\u00e0nic i el g\u00f2tic de Catalunya i l\u2019obra completa d\u2019Antoni Gaud\u00ed. Tamb\u00e9, van fer ruta pel\u00a0recinte amb una visi\u00f3 panor\u00e0mica, per exemple del mass\u00eds de la muntanya de Montserrat.<\/p>\n<p>A m\u00e9s, van dur a terme l&#8217;activitat &#8220;ESCAPA&#8217;T A LES COMARQUES&#8221; on a trav\u00e9s d\u2019un joc interactiu d\u2019enigmes i pistes van haver de trobar una clau secreta per obrir un cofre i construir un mapa gegant de Catalunya amb peces magn\u00e8tiques. En petits grups, van rec\u00f3rrer l&#8217;exposici\u00f3 de maquetes fomentant aix\u00ed el treball en equip.<\/p>\n<p>Ha estat una experi\u00e8ncia molt enriquidora, van aprendre i gaudir de l&#8217;activitat fomentant la seva autonomia i la seva curiositat.<\/p>\n<p>Aqu\u00ed us deixem les fotos d&#8217;aquest moment.<\/p>\n<h3><span style=\"color: #008080;\"><a style=\"color: #008080;\" href=\"https:\/\/photos.app.goo.gl\/B3EjpXAqW3L8CNbj9\">CATALUNYA EN MINIATURA<\/a><\/span><\/h3>\n","protected":false},"excerpt":{"rendered":"<p>Bon dia, fam\u00edlies de tercer i quart,<br \/>\nEl passat dimecres 8 d&#8217;abril, els alumnes de tercer i quart de prim\u00e0ria van anar d&#8217;excursi\u00f3 a CATALUNYA EN MINIATURA.<br \/>\nEn aquesta visita, van poder gaudir de les seves instal\u00b7lacions, observant les obres m\u00e9s destacades del rom\u00e0nic i el g\u00f2tic&hellip;  <a href=\"https:\/\/agora.xtec.cat\/ceiplajota\/general\/cicle-mitja-catalunya-en-miniatura\/\" title=\"Read Cicle Mitj\u00e0 &#8211; CATALUNYA EN MINIATURA\">Llegeix m\u00e9s\u00bb<\/a><\/p>\n","protected":false},"author":22,"featured_media":7265,"comment_status":"open","ping_status":"open","sticky":false,"template":"","format":"standard","meta":{"_bbp_topic_count":0,"_bbp_reply_count":0,"_bbp_total_topic_count":0,"_bbp_total_reply_count":0,"_bbp_voice_count":0,"_bbp_anonymous_reply_count":0,"_bbp_topic_count_hidden":0,"_bbp_reply_count_hidden":0,"_bbp_forum_subforum_count":0,"footnotes":""},"categories":[12,13,1],"tags":[],"class_list":["post-7262","post","type-post","status-publish","format-standard","has-post-thumbnail","hentry","category-3r","category-4t","category-general"],"post_mailing_queue_ids":[],"_links":{"self":[{"href":"https:\/\/agora.xtec.cat\/ceiplajota\/wp-json\/wp\/v2\/posts\/7262","targetHints":{"allow":["GET"]}}],"collection":[{"href":"https:\/\/agora.xtec.cat\/ceiplajota\/wp-json\/wp\/v2\/posts"}],"about":[{"href":"https:\/\/agora.xtec.cat\/ceiplajota\/wp-json\/wp\/v2\/types\/post"}],"author":[{"embeddable":true,"href":"https:\/\/agora.xtec.cat\/ceiplajota\/wp-json\/wp\/v2\/users\/22"}],"replies":[{"embeddable":true,"href":"https:\/\/agora.xtec.cat\/ceiplajota\/wp-json\/wp\/v2\/comments?post=7262"}],"version-history":[{"count":1,"href":"https:\/\/agora.xtec.cat\/ceiplajota\/wp-json\/wp\/v2\/posts\/7262\/revisions"}],"predecessor-version":[{"id":7264,"href":"https:\/\/agora.xtec.cat\/ceiplajota\/wp-json\/wp\/v2\/posts\/7262\/revisions\/7264"}],"wp:featuredmedia":[{"embeddable":true,"href":"https:\/\/agora.xtec.cat\/ceiplajota\/wp-json\/wp\/v2\/media\/7265"}],"wp:attachment":[{"href":"https:\/\/agora.xtec.cat\/ceiplajota\/wp-json\/wp\/v2\/media?parent=7262"}],"wp:term":[{"taxonomy":"category","embeddable":true,"href":"https:\/\/agora.xtec.cat\/ceiplajota\/wp-json\/wp\/v2\/categories?post=7262"},{"taxonomy":"post_tag","embeddable":true,"href":"https:\/\/agora.xtec.cat\/ceiplajota\/wp-json\/wp\/v2\/tags?post=7262"}],"curies":[{"name":"wp","href":"https:\/\/api.w.org\/{rel}","templated":true}]}}