{"id":7257,"date":"2026-04-10T20:49:15","date_gmt":"2026-04-10T18:49:15","guid":{"rendered":"https:\/\/agora.xtec.cat\/ceiplajota\/?p=7257"},"modified":"2026-04-10T20:49:39","modified_gmt":"2026-04-10T18:49:39","slug":"xxii-certamen-de-lectura-en-veu-alta","status":"publish","type":"post","link":"https:\/\/agora.xtec.cat\/ceiplajota\/general\/xxii-certamen-de-lectura-en-veu-alta\/","title":{"rendered":"XXII Certamen de Lectura en Veu Alta"},"content":{"rendered":"<p>Un curs m\u00e9s,\u00a0 el nostre alumnat ha participat al <strong>Certamen de Lectura en Veu Alta<\/strong> que organitza la Fundaci\u00f3 Enciclop\u00e8dia i el Departament d&#8217;Educaci\u00f3 i Formaci\u00f3 professional. Aquest curs \u00e9s el <strong>XXII Certamen de Lectura en Veu Alta.<\/strong><\/p>\n<p>Aquest curs hi ha participat alumnat de cicle mitj\u00e0, de cicle superior i de secund\u00e0ria.<\/p>\n<p>4t Prim\u00e0ria: Aya Ait Abbou Kamal<\/p>\n<p>5\u00e8 Prim\u00e0ria: Margot Minguet Blanco<\/p>\n<p>2n Secund\u00e0ria: Izan Criach Manzanares<\/p>\n<p>3r Secund\u00e0ria:\u00a0 Daniela Aldazabal Mart\u00ednez, Aar\u00f3n Jamaly Morales\u00a0 i Eric L\u00f3pez Garc\u00eda.<\/p>\n<p>La pr\u00e0ctica de la lectura en veu alta t\u00e9 una import\u00e0ncia clau tant a prim\u00e0ria com a secund\u00e0ria.<\/p>\n<p data-start=\"348\" data-end=\"385\">Llegir en veu alta ajuda l\u2019alumnat a:<\/p>\n<ul data-start=\"386\" data-end=\"497\">\n<li data-section-id=\"1fbb1tp\" data-start=\"386\" data-end=\"420\">Recon\u00e8ixer millor les paraules<\/li>\n<li data-section-id=\"w2cooe\" data-start=\"421\" data-end=\"453\">Millorar la flu\u00efdesa lectora<\/li>\n<li data-section-id=\"o3sy06\" data-start=\"454\" data-end=\"497\">Treballar la pronunciaci\u00f3 i l\u2019entonaci\u00f3<\/li>\n<\/ul>\n<p data-start=\"499\" data-end=\"614\">Aix\u00f2 \u00e9s especialment important en les primeres etapes (prim\u00e0ria), quan s\u2019estan consolidant les bases de la lectura.<\/p>\n<p data-start=\"661\" data-end=\"746\">Encara que pugui semblar que \u00e9s nom\u00e9s una activitat mec\u00e0nica, la lectura en veu alta:<\/p>\n<ul data-start=\"747\" data-end=\"878\">\n<li data-section-id=\"5gi4gw\" data-start=\"747\" data-end=\"781\">Obliga a parar atenci\u00f3 al text<\/li>\n<li data-section-id=\"10w1wgn\" data-start=\"782\" data-end=\"823\">Facilita la comprensi\u00f3 del significat<\/li>\n<li data-section-id=\"1gzu7rb\" data-start=\"824\" data-end=\"878\">Permet detectar errors o dificultats en temps real<\/li>\n<\/ul>\n<p data-start=\"919\" data-end=\"1024\">Quan l\u2019alumnat llegeix textos en veu alta (o escolta altres companys o el docent), entra en contacte amb:<\/p>\n<ul data-start=\"1025\" data-end=\"1122\">\n<li data-section-id=\"6jedl0\" data-start=\"1025\" data-end=\"1043\">Paraules noves<\/li>\n<li data-section-id=\"mfk1sb\" data-start=\"1044\" data-end=\"1087\">Estructures ling\u00fc\u00edstiques m\u00e9s complexes<\/li>\n<li data-section-id=\"u85qez\" data-start=\"1088\" data-end=\"1122\">Diferents registres de llengua<\/li>\n<\/ul>\n<p data-start=\"1172\" data-end=\"1198\">\u00c9s una eina molt \u00fatil per:<\/p>\n<ul data-start=\"1199\" data-end=\"1287\">\n<li data-section-id=\"larml4\" data-start=\"1199\" data-end=\"1221\">Millorar la dicci\u00f3<\/li>\n<li data-section-id=\"1utotxn\" data-start=\"1222\" data-end=\"1253\">Aprendre a parlar en p\u00fablic<\/li>\n<li data-section-id=\"bcxq80\" data-start=\"1254\" data-end=\"1287\">Guanyar seguretat i confian\u00e7a<\/li>\n<\/ul>\n<p data-start=\"1289\" data-end=\"1372\">A secund\u00e0ria, aix\u00f2 \u00e9s especialment rellevant per exposicions i presentacions orals.<\/p>\n<p data-start=\"1425\" data-end=\"1472\">Quan un alumne llegeix, la resta ha d\u2019escoltar:<\/p>\n<ul data-start=\"1473\" data-end=\"1602\">\n<li data-section-id=\"1icl2sr\" data-start=\"1473\" data-end=\"1511\">Es treballa el respecte pels torns<\/li>\n<li data-section-id=\"hlfb2k\" data-start=\"1512\" data-end=\"1543\">Es potencia la concentraci\u00f3<\/li>\n<li data-section-id=\"qcq7vw\" data-start=\"1544\" data-end=\"1602\">Es desenvolupa la capacitat cr\u00edtica (escoltar i valorar)<\/li>\n<\/ul>\n<p data-start=\"1648\" data-end=\"1693\">Sobretot a prim\u00e0ria, per\u00f2 tamb\u00e9 a secund\u00e0ria:<\/p>\n<ul data-start=\"1694\" data-end=\"1840\">\n<li data-section-id=\"wkh5d2\" data-start=\"1694\" data-end=\"1742\">Pot fer la lectura m\u00e9s din\u00e0mica i compartida<\/li>\n<li data-section-id=\"72wa7o\" data-start=\"1743\" data-end=\"1799\">Ajuda a gaudir dels textos (contes, teatre, poesia\u2026)<\/li>\n<li data-section-id=\"2v9ivy\" data-start=\"1800\" data-end=\"1840\">Pot despertar l\u2019inter\u00e8s pels llibres<\/li>\n<\/ul>\n<p>La lectura en veu alta no \u00e9s nom\u00e9s una pr\u00e0ctica tradicional: \u00e9s una eina pedag\u00f2gica molt potent que contribueix al desenvolupament ling\u00fc\u00edstic, cognitiu i emocional de l\u2019alumnat.<\/p>\n<p style=\"text-align: center;\"><a href=\"https:\/\/agora.xtec.cat\/ceiplajota\/wp-content\/uploads\/usu1571\/2026\/04\/LLibres.png\"><img loading=\"lazy\" decoding=\"async\" class=\"aligncenter size-medium wp-image-7259\" src=\"https:\/\/agora.xtec.cat\/ceiplajota\/wp-content\/uploads\/usu1571\/2026\/04\/LLibres-300x169.png\" alt=\"\" width=\"300\" height=\"169\" srcset=\"https:\/\/agora.xtec.cat\/ceiplajota\/wp-content\/uploads\/usu1571\/2026\/04\/LLibres-300x169.png 300w, https:\/\/agora.xtec.cat\/ceiplajota\/wp-content\/uploads\/usu1571\/2026\/04\/LLibres.png 364w\" sizes=\"auto, (max-width: 300px) 100vw, 300px\" \/><\/a><\/p>\n<p>&nbsp;<\/p>\n<p style=\"text-align: center;\">MOLTES GR\u00c0CIES LECTORS I LECTORES!!!<\/p>\n<p>&nbsp;<\/p>\n<p><a href=\"https:\/\/agora.xtec.cat\/ceiplajota\/wp-content\/uploads\/usu1571\/2026\/04\/Certamen.png\"><img loading=\"lazy\" decoding=\"async\" class=\"aligncenter wp-image-7258\" src=\"https:\/\/agora.xtec.cat\/ceiplajota\/wp-content\/uploads\/usu1571\/2026\/04\/Certamen-300x211.png\" alt=\"\" width=\"430\" height=\"303\" srcset=\"https:\/\/agora.xtec.cat\/ceiplajota\/wp-content\/uploads\/usu1571\/2026\/04\/Certamen-300x211.png 300w, https:\/\/agora.xtec.cat\/ceiplajota\/wp-content\/uploads\/usu1571\/2026\/04\/Certamen.png 739w\" sizes=\"auto, (max-width: 430px) 100vw, 430px\" \/><\/a><\/p>\n<p>&nbsp;<\/p>\n","protected":false},"excerpt":{"rendered":"<p>Un curs m\u00e9s,\u00a0 el nostre alumnat ha participat al Certamen de Lectura en Veu Alta que organitza la Fundaci\u00f3 Enciclop\u00e8dia i el Departament d&#8217;Educaci\u00f3 i Formaci\u00f3 professional. Aquest curs \u00e9s el XXII Certamen de Lectura en Veu Alta.<br \/>\nAquest curs hi ha participat alumnat de cicle&hellip;  <a href=\"https:\/\/agora.xtec.cat\/ceiplajota\/general\/xxii-certamen-de-lectura-en-veu-alta\/\" title=\"Read XXII Certamen de Lectura en Veu Alta\">Llegeix m\u00e9s\u00bb<\/a><\/p>\n","protected":false},"author":1,"featured_media":7261,"comment_status":"open","ping_status":"open","sticky":false,"template":"","format":"standard","meta":{"_bbp_topic_count":0,"_bbp_reply_count":0,"_bbp_total_topic_count":0,"_bbp_total_reply_count":0,"_bbp_voice_count":0,"_bbp_anonymous_reply_count":0,"_bbp_topic_count_hidden":0,"_bbp_reply_count_hidden":0,"_bbp_forum_subforum_count":0,"footnotes":""},"categories":[1],"tags":[],"class_list":["post-7257","post","type-post","status-publish","format-standard","has-post-thumbnail","hentry","category-general"],"post_mailing_queue_ids":[],"_links":{"self":[{"href":"https:\/\/agora.xtec.cat\/ceiplajota\/wp-json\/wp\/v2\/posts\/7257","targetHints":{"allow":["GET"]}}],"collection":[{"href":"https:\/\/agora.xtec.cat\/ceiplajota\/wp-json\/wp\/v2\/posts"}],"about":[{"href":"https:\/\/agora.xtec.cat\/ceiplajota\/wp-json\/wp\/v2\/types\/post"}],"author":[{"embeddable":true,"href":"https:\/\/agora.xtec.cat\/ceiplajota\/wp-json\/wp\/v2\/users\/1"}],"replies":[{"embeddable":true,"href":"https:\/\/agora.xtec.cat\/ceiplajota\/wp-json\/wp\/v2\/comments?post=7257"}],"version-history":[{"count":1,"href":"https:\/\/agora.xtec.cat\/ceiplajota\/wp-json\/wp\/v2\/posts\/7257\/revisions"}],"predecessor-version":[{"id":7260,"href":"https:\/\/agora.xtec.cat\/ceiplajota\/wp-json\/wp\/v2\/posts\/7257\/revisions\/7260"}],"wp:featuredmedia":[{"embeddable":true,"href":"https:\/\/agora.xtec.cat\/ceiplajota\/wp-json\/wp\/v2\/media\/7261"}],"wp:attachment":[{"href":"https:\/\/agora.xtec.cat\/ceiplajota\/wp-json\/wp\/v2\/media?parent=7257"}],"wp:term":[{"taxonomy":"category","embeddable":true,"href":"https:\/\/agora.xtec.cat\/ceiplajota\/wp-json\/wp\/v2\/categories?post=7257"},{"taxonomy":"post_tag","embeddable":true,"href":"https:\/\/agora.xtec.cat\/ceiplajota\/wp-json\/wp\/v2\/tags?post=7257"}],"curies":[{"name":"wp","href":"https:\/\/api.w.org\/{rel}","templated":true}]}}