{"id":7250,"date":"2026-03-27T10:30:22","date_gmt":"2026-03-27T09:30:22","guid":{"rendered":"https:\/\/agora.xtec.cat\/ceiplajota\/?p=7250"},"modified":"2026-03-27T10:31:29","modified_gmt":"2026-03-27T09:31:29","slug":"la-mona-de-pasqua-2026","status":"publish","type":"post","link":"https:\/\/agora.xtec.cat\/ceiplajota\/general\/la-mona-de-pasqua-2026\/","title":{"rendered":"LA Mona de Pasqua 2026"},"content":{"rendered":"<pre id=\"tw-target-text\" class=\"tw-data-text tw-text-large tw-ta\" dir=\"ltr\" tabindex=\"-1\" role=\"text\" data-placeholder=\"Traducci\u00f3n\" data-ved=\"2ahUKEwiM9JHm4L-TAxWBaqQEHaB-OiAQ3ewLegQIDBAX\" aria-label=\"Texto traducido: La Mona de Pasqua \u00e9s una tradici\u00f3 mediterr\u00e0nia, especialment arrelada a Catalunya i Val\u00e8ncia, que simbolitza la fi de la Quaresma. Originada possiblement de la paraula \u00e0rab munna (&quot;provisi\u00f3 de boca&quot;), consisteix en un dol\u00e7 regalat pels padrins als seus fillols el Diumenge de Pasqua, evolucionant d'un tortell amb ous durs a complexes figures de xocolata.\"><span class=\"Y2IQFc\" lang=\"ca\">La Mona de Pasqua \u00e9s una tradici\u00f3 mediterr\u00e0nia, especialment arrelada a Catalunya i Val\u00e8ncia, que simbolitza la fi de la Quaresma.\r\nOriginada possiblement de la paraula \u00e0rab munna (\"provisi\u00f3 de boca\"), consisteix en un dol\u00e7 regalat pels padrins als seus fillols el Diumenge de Pasqua,\r\nevolucionant d'un tortell amb ous durs a complexes figures de xocolata.\r\n\r\nCliqueu l'imatge per veure les nostres Monas de Pasqua!!!\r\n\r\n<a href=\"https:\/\/photos.app.goo.gl\/cLPGVVaZjk5Ks1q76\"><img loading=\"lazy\" decoding=\"async\" class=\"alignnone size-large wp-image-7251\" src=\"https:\/\/agora.xtec.cat\/ceiplajota\/wp-content\/uploads\/usu1571\/2026\/03\/WhatsApp-Image-2026-03-26-at-19.17.51-1024x572.jpeg\" alt=\"\" width=\"1024\" height=\"572\" srcset=\"https:\/\/agora.xtec.cat\/ceiplajota\/wp-content\/uploads\/usu1571\/2026\/03\/WhatsApp-Image-2026-03-26-at-19.17.51-1024x572.jpeg 1024w, https:\/\/agora.xtec.cat\/ceiplajota\/wp-content\/uploads\/usu1571\/2026\/03\/WhatsApp-Image-2026-03-26-at-19.17.51-300x168.jpeg 300w, https:\/\/agora.xtec.cat\/ceiplajota\/wp-content\/uploads\/usu1571\/2026\/03\/WhatsApp-Image-2026-03-26-at-19.17.51-768x429.jpeg 768w, https:\/\/agora.xtec.cat\/ceiplajota\/wp-content\/uploads\/usu1571\/2026\/03\/WhatsApp-Image-2026-03-26-at-19.17.51-1536x858.jpeg 1536w, https:\/\/agora.xtec.cat\/ceiplajota\/wp-content\/uploads\/usu1571\/2026\/03\/WhatsApp-Image-2026-03-26-at-19.17.51.jpeg 1600w\" sizes=\"auto, (max-width: 1024px) 100vw, 1024px\" \/><\/a>\r\n<\/span><\/pre>\n","protected":false},"excerpt":{"rendered":"<p>La Mona de Pasqua \u00e9s una tradici\u00f3 mediterr\u00e0nia, especialment arrelada a Catalunya i Val\u00e8ncia, que simbolitza la fi de la Quaresma.<br \/>\nOriginada possiblement de la paraula \u00e0rab munna (&#8220;provisi\u00f3 de boca&#8221;), consisteix en un dol\u00e7 regalat pels padrins als seus fillols el Diumenge de Pasqua,<br \/>\nevolucionant d&#8217;un&hellip;  <a href=\"https:\/\/agora.xtec.cat\/ceiplajota\/general\/la-mona-de-pasqua-2026\/\" title=\"Read LA Mona de Pasqua 2026\">Llegeix m\u00e9s\u00bb<\/a><\/p>\n","protected":false},"author":38,"featured_media":7251,"comment_status":"open","ping_status":"open","sticky":false,"template":"","format":"standard","meta":{"_bbp_topic_count":0,"_bbp_reply_count":0,"_bbp_total_topic_count":0,"_bbp_total_reply_count":0,"_bbp_voice_count":0,"_bbp_anonymous_reply_count":0,"_bbp_topic_count_hidden":0,"_bbp_reply_count_hidden":0,"_bbp_forum_subforum_count":0,"footnotes":""},"categories":[1],"tags":[],"class_list":["post-7250","post","type-post","status-publish","format-standard","has-post-thumbnail","hentry","category-general"],"post_mailing_queue_ids":[],"_links":{"self":[{"href":"https:\/\/agora.xtec.cat\/ceiplajota\/wp-json\/wp\/v2\/posts\/7250","targetHints":{"allow":["GET"]}}],"collection":[{"href":"https:\/\/agora.xtec.cat\/ceiplajota\/wp-json\/wp\/v2\/posts"}],"about":[{"href":"https:\/\/agora.xtec.cat\/ceiplajota\/wp-json\/wp\/v2\/types\/post"}],"author":[{"embeddable":true,"href":"https:\/\/agora.xtec.cat\/ceiplajota\/wp-json\/wp\/v2\/users\/38"}],"replies":[{"embeddable":true,"href":"https:\/\/agora.xtec.cat\/ceiplajota\/wp-json\/wp\/v2\/comments?post=7250"}],"version-history":[{"count":1,"href":"https:\/\/agora.xtec.cat\/ceiplajota\/wp-json\/wp\/v2\/posts\/7250\/revisions"}],"predecessor-version":[{"id":7252,"href":"https:\/\/agora.xtec.cat\/ceiplajota\/wp-json\/wp\/v2\/posts\/7250\/revisions\/7252"}],"wp:featuredmedia":[{"embeddable":true,"href":"https:\/\/agora.xtec.cat\/ceiplajota\/wp-json\/wp\/v2\/media\/7251"}],"wp:attachment":[{"href":"https:\/\/agora.xtec.cat\/ceiplajota\/wp-json\/wp\/v2\/media?parent=7250"}],"wp:term":[{"taxonomy":"category","embeddable":true,"href":"https:\/\/agora.xtec.cat\/ceiplajota\/wp-json\/wp\/v2\/categories?post=7250"},{"taxonomy":"post_tag","embeddable":true,"href":"https:\/\/agora.xtec.cat\/ceiplajota\/wp-json\/wp\/v2\/tags?post=7250"}],"curies":[{"name":"wp","href":"https:\/\/api.w.org\/{rel}","templated":true}]}}