{"id":7212,"date":"2026-03-12T10:37:37","date_gmt":"2026-03-12T09:37:37","guid":{"rendered":"https:\/\/agora.xtec.cat\/ceiplajota\/?p=7212"},"modified":"2026-03-12T11:48:27","modified_gmt":"2026-03-12T10:48:27","slug":"i3-el-trenet","status":"publish","type":"post","link":"https:\/\/agora.xtec.cat\/ceiplajota\/general\/i3-el-trenet\/","title":{"rendered":"I3 El trenet"},"content":{"rendered":"<p>ELs cucs i les vaques hem anat a Sabadell per donar un passeig al trenet, ha estat un mat\u00ed molt intens, i ens ho hem passat d&#8217;all\u00f2 m\u00e9s b\u00e9.<\/p>\n<p>Cliqueu la foto per veure l&#8217;excursi\u00f3.<\/p>\n<p><a href=\"https:\/\/photos.app.goo.gl\/Jx5hwGH9pK9K4QwY7\"><img loading=\"lazy\" decoding=\"async\" src=\"https:\/\/agora.xtec.cat\/ceiplajota\/wp-content\/uploads\/usu1571\/2026\/03\/IMG-20260311-WA0006-1024x576.jpg\" alt=\"\" width=\"1024\" height=\"576\" \/><\/a><\/p>\n","protected":false},"excerpt":{"rendered":"<p>ELs cucs i les vaques hem anat a Sabadell per donar un passeig al trenet, ha estat un mat\u00ed molt intens, i ens ho hem passat d&#8217;all\u00f2 m\u00e9s b\u00e9.<br \/>\nCliqueu la foto per veure l&#8217;excursi\u00f3.<br \/>\n<a href=\"https:\/\/photos.app.goo.gl\/Jx5hwGH9pK9K4QwY7\"><\/a><\/p>\n","protected":false},"author":38,"featured_media":7213,"comment_status":"open","ping_status":"open","sticky":false,"template":"","format":"standard","meta":{"_bbp_topic_count":0,"_bbp_reply_count":0,"_bbp_total_topic_count":0,"_bbp_total_reply_count":0,"_bbp_voice_count":0,"_bbp_anonymous_reply_count":0,"_bbp_topic_count_hidden":0,"_bbp_reply_count_hidden":0,"_bbp_forum_subforum_count":0,"footnotes":""},"categories":[1],"tags":[],"class_list":["post-7212","post","type-post","status-publish","format-standard","has-post-thumbnail","hentry","category-general"],"post_mailing_queue_ids":[],"_links":{"self":[{"href":"https:\/\/agora.xtec.cat\/ceiplajota\/wp-json\/wp\/v2\/posts\/7212","targetHints":{"allow":["GET"]}}],"collection":[{"href":"https:\/\/agora.xtec.cat\/ceiplajota\/wp-json\/wp\/v2\/posts"}],"about":[{"href":"https:\/\/agora.xtec.cat\/ceiplajota\/wp-json\/wp\/v2\/types\/post"}],"author":[{"embeddable":true,"href":"https:\/\/agora.xtec.cat\/ceiplajota\/wp-json\/wp\/v2\/users\/38"}],"replies":[{"embeddable":true,"href":"https:\/\/agora.xtec.cat\/ceiplajota\/wp-json\/wp\/v2\/comments?post=7212"}],"version-history":[{"count":6,"href":"https:\/\/agora.xtec.cat\/ceiplajota\/wp-json\/wp\/v2\/posts\/7212\/revisions"}],"predecessor-version":[{"id":7219,"href":"https:\/\/agora.xtec.cat\/ceiplajota\/wp-json\/wp\/v2\/posts\/7212\/revisions\/7219"}],"wp:featuredmedia":[{"embeddable":true,"href":"https:\/\/agora.xtec.cat\/ceiplajota\/wp-json\/wp\/v2\/media\/7213"}],"wp:attachment":[{"href":"https:\/\/agora.xtec.cat\/ceiplajota\/wp-json\/wp\/v2\/media?parent=7212"}],"wp:term":[{"taxonomy":"category","embeddable":true,"href":"https:\/\/agora.xtec.cat\/ceiplajota\/wp-json\/wp\/v2\/categories?post=7212"},{"taxonomy":"post_tag","embeddable":true,"href":"https:\/\/agora.xtec.cat\/ceiplajota\/wp-json\/wp\/v2\/tags?post=7212"}],"curies":[{"name":"wp","href":"https:\/\/api.w.org\/{rel}","templated":true}]}}