{"id":7206,"date":"2026-03-09T21:09:05","date_gmt":"2026-03-09T20:09:05","guid":{"rendered":"https:\/\/agora.xtec.cat\/ceiplajota\/?p=7206"},"modified":"2026-03-09T21:11:07","modified_gmt":"2026-03-09T20:11:07","slug":"reunio-de-delegats-i-delegades-de-les-classes","status":"publish","type":"post","link":"https:\/\/agora.xtec.cat\/ceiplajota\/general\/reunio-de-delegats-i-delegades-de-les-classes\/","title":{"rendered":"Reuni\u00f3 de delegats i delegades de les classes"},"content":{"rendered":"<p>A l&#8217;Institut Escola La Jota a cada classe hi ha un delegat o delegada.<\/p>\n<p>El divendres dia 6 de mar\u00e7 de 10 a 11h vam fer reuni\u00f3 de delegades i delegats amb l&#8217;equip directiu (cap d&#8217;estudis d&#8217;infantil i prim\u00e0ria, secretari, coordinador pedag\u00f2gic i direcci\u00f3).<\/p>\n<p>Ens vam trobar al menjador del centre, ara ja som forces delegades i delegats.<\/p>\n<p>L&#8217;ordre del dia de la reuni\u00f3 va ser:<\/p>\n<ul>\n<li>valoraci\u00f3 de les darreres festes escolars<\/li>\n<li>propostes de millora<\/li>\n<\/ul>\n<p>De la reuni\u00f3 es fa acta que es comparteix amb l&#8217;equip docent per treballar-la a les aules i des del mateix equip docent i equip directiu mirar de donar resposta a les peticions de l&#8217;alumnat.<\/p>\n<p>Aqu\u00ed teniu unes fotografies de la reuni\u00f3.<\/p>\n<p><a href=\"https:\/\/agora.xtec.cat\/ceiplajota\/wp-content\/uploads\/usu1571\/2026\/03\/DElegats-1.png\"><img loading=\"lazy\" decoding=\"async\" class=\"aligncenter size-medium wp-image-7207\" src=\"https:\/\/agora.xtec.cat\/ceiplajota\/wp-content\/uploads\/usu1571\/2026\/03\/DElegats-1-300x149.png\" alt=\"\" width=\"300\" height=\"149\" srcset=\"https:\/\/agora.xtec.cat\/ceiplajota\/wp-content\/uploads\/usu1571\/2026\/03\/DElegats-1-300x149.png 300w, https:\/\/agora.xtec.cat\/ceiplajota\/wp-content\/uploads\/usu1571\/2026\/03\/DElegats-1-768x382.png 768w, https:\/\/agora.xtec.cat\/ceiplajota\/wp-content\/uploads\/usu1571\/2026\/03\/DElegats-1.png 798w\" sizes=\"auto, (max-width: 300px) 100vw, 300px\" \/><\/a><\/p>\n<p><a href=\"https:\/\/agora.xtec.cat\/ceiplajota\/wp-content\/uploads\/usu1571\/2026\/03\/Delegats-2.png\"><img loading=\"lazy\" decoding=\"async\" class=\"aligncenter size-medium wp-image-7208\" src=\"https:\/\/agora.xtec.cat\/ceiplajota\/wp-content\/uploads\/usu1571\/2026\/03\/Delegats-2-300x252.png\" alt=\"\" width=\"300\" height=\"252\" srcset=\"https:\/\/agora.xtec.cat\/ceiplajota\/wp-content\/uploads\/usu1571\/2026\/03\/Delegats-2-300x252.png 300w, https:\/\/agora.xtec.cat\/ceiplajota\/wp-content\/uploads\/usu1571\/2026\/03\/Delegats-2.png 448w\" sizes=\"auto, (max-width: 300px) 100vw, 300px\" \/><\/a><\/p>\n<p><a href=\"https:\/\/agora.xtec.cat\/ceiplajota\/wp-content\/uploads\/usu1571\/2026\/03\/Delegats-3.png\"><img loading=\"lazy\" decoding=\"async\" class=\"aligncenter size-medium wp-image-7209\" src=\"https:\/\/agora.xtec.cat\/ceiplajota\/wp-content\/uploads\/usu1571\/2026\/03\/Delegats-3-300x272.png\" alt=\"\" width=\"300\" height=\"272\" srcset=\"https:\/\/agora.xtec.cat\/ceiplajota\/wp-content\/uploads\/usu1571\/2026\/03\/Delegats-3-300x272.png 300w, https:\/\/agora.xtec.cat\/ceiplajota\/wp-content\/uploads\/usu1571\/2026\/03\/Delegats-3.png 454w\" sizes=\"auto, (max-width: 300px) 100vw, 300px\" \/><\/a><\/p>\n","protected":false},"excerpt":{"rendered":"<p>A l&#8217;Institut Escola La Jota a cada classe hi ha un delegat o delegada.<br \/>\nEl divendres dia 6 de mar\u00e7 de 10 a 11h vam fer reuni\u00f3 de delegades i delegats amb l&#8217;equip directiu (cap d&#8217;estudis d&#8217;infantil i prim\u00e0ria, secretari, coordinador pedag\u00f2gic i direcci\u00f3).<br \/>\nEns vam trobar&hellip;  <a href=\"https:\/\/agora.xtec.cat\/ceiplajota\/general\/reunio-de-delegats-i-delegades-de-les-classes\/\" title=\"Read Reuni\u00f3 de delegats i delegades de les classes\">Llegeix m\u00e9s\u00bb<\/a><\/p>\n","protected":false},"author":1,"featured_media":7211,"comment_status":"open","ping_status":"open","sticky":false,"template":"","format":"standard","meta":{"_bbp_topic_count":0,"_bbp_reply_count":0,"_bbp_total_topic_count":0,"_bbp_total_reply_count":0,"_bbp_voice_count":0,"_bbp_anonymous_reply_count":0,"_bbp_topic_count_hidden":0,"_bbp_reply_count_hidden":0,"_bbp_forum_subforum_count":0,"footnotes":""},"categories":[1],"tags":[],"class_list":["post-7206","post","type-post","status-publish","format-standard","has-post-thumbnail","hentry","category-general"],"post_mailing_queue_ids":[],"_links":{"self":[{"href":"https:\/\/agora.xtec.cat\/ceiplajota\/wp-json\/wp\/v2\/posts\/7206","targetHints":{"allow":["GET"]}}],"collection":[{"href":"https:\/\/agora.xtec.cat\/ceiplajota\/wp-json\/wp\/v2\/posts"}],"about":[{"href":"https:\/\/agora.xtec.cat\/ceiplajota\/wp-json\/wp\/v2\/types\/post"}],"author":[{"embeddable":true,"href":"https:\/\/agora.xtec.cat\/ceiplajota\/wp-json\/wp\/v2\/users\/1"}],"replies":[{"embeddable":true,"href":"https:\/\/agora.xtec.cat\/ceiplajota\/wp-json\/wp\/v2\/comments?post=7206"}],"version-history":[{"count":1,"href":"https:\/\/agora.xtec.cat\/ceiplajota\/wp-json\/wp\/v2\/posts\/7206\/revisions"}],"predecessor-version":[{"id":7210,"href":"https:\/\/agora.xtec.cat\/ceiplajota\/wp-json\/wp\/v2\/posts\/7206\/revisions\/7210"}],"wp:featuredmedia":[{"embeddable":true,"href":"https:\/\/agora.xtec.cat\/ceiplajota\/wp-json\/wp\/v2\/media\/7211"}],"wp:attachment":[{"href":"https:\/\/agora.xtec.cat\/ceiplajota\/wp-json\/wp\/v2\/media?parent=7206"}],"wp:term":[{"taxonomy":"category","embeddable":true,"href":"https:\/\/agora.xtec.cat\/ceiplajota\/wp-json\/wp\/v2\/categories?post=7206"},{"taxonomy":"post_tag","embeddable":true,"href":"https:\/\/agora.xtec.cat\/ceiplajota\/wp-json\/wp\/v2\/tags?post=7206"}],"curies":[{"name":"wp","href":"https:\/\/api.w.org\/{rel}","templated":true}]}}