{"id":7191,"date":"2026-02-24T17:57:36","date_gmt":"2026-02-24T16:57:36","guid":{"rendered":"https:\/\/agora.xtec.cat\/ceiplajota\/?p=7191"},"modified":"2026-02-24T22:13:58","modified_gmt":"2026-02-24T21:13:58","slug":"a-lie-la-jota-aprenem-alemany","status":"publish","type":"post","link":"https:\/\/agora.xtec.cat\/ceiplajota\/general\/a-lie-la-jota-aprenem-alemany\/","title":{"rendered":"A l&#8217;IE La Jota aprenem alemany"},"content":{"rendered":"<p>L&#8217;alumnat d&#8217;alemany de 2n de secund\u00e0ria ha preparat un v\u00eddeo amb la professora Cristina on ens conviden a veure i a con\u00e8ixer les instal\u00b7lacions de l&#8217;Intitut Escola La Jota.<\/p>\n<p>Aqu\u00ed hem treballat els vectors d&#8217;aprenentatge competencial, qualitat d&#8217;educaci\u00f3 de les lleng\u00fces i benestar emocional. L&#8217;alumnat ha pogut aplicar els aprenentatges de la compet\u00e8ncia digital per transformar els sabers treballats a la mat\u00e8ries d&#8217;alemany i mostrar-nos, en aquest fant\u00e0stic v\u00eddeo, les depend\u00e8ncies del centre.<\/p>\n<p><em>In diesem Video stellen die Deutschsch\u00fcler der 8. Klasse unsere Schule vor.<\/em><\/p>\n<p>Herzlich Willkommen.<\/p>\n<p><a href=\"https:\/\/drive.google.com\/file\/d\/1ENyuI0LLXMTySmQmq_A-MfTch4CSrJ6Q\/view?usp=sharing\">https:\/\/drive.google.com\/file\/d\/1ENyuI0LLXMTySmQmq_A-MfTch4CSrJ6Q\/view?usp=sharing<\/a><\/p>\n<p>&nbsp;<\/p>\n<p><a href=\"https:\/\/agora.xtec.cat\/ceiplajota\/wp-content\/uploads\/usu1571\/2026\/02\/web.png\"><img loading=\"lazy\" decoding=\"async\" class=\"aligncenter size-medium wp-image-7192\" src=\"https:\/\/agora.xtec.cat\/ceiplajota\/wp-content\/uploads\/usu1571\/2026\/02\/web-300x288.png\" alt=\"\" width=\"300\" height=\"288\" srcset=\"https:\/\/agora.xtec.cat\/ceiplajota\/wp-content\/uploads\/usu1571\/2026\/02\/web-300x288.png 300w, https:\/\/agora.xtec.cat\/ceiplajota\/wp-content\/uploads\/usu1571\/2026\/02\/web.png 384w\" sizes=\"auto, (max-width: 300px) 100vw, 300px\" \/><\/a><\/p>\n","protected":false},"excerpt":{"rendered":"<p>L&#8217;alumnat d&#8217;alemany de 2n de secund\u00e0ria ha preparat un v\u00eddeo amb la professora Cristina on ens conviden a veure i a con\u00e8ixer les instal\u00b7lacions de l&#8217;Intitut Escola La Jota.<br \/>\nAqu\u00ed hem treballat els vectors d&#8217;aprenentatge competencial, qualitat d&#8217;educaci\u00f3 de les lleng\u00fces i benestar emocional. L&#8217;alumnat ha&hellip;  <a href=\"https:\/\/agora.xtec.cat\/ceiplajota\/general\/a-lie-la-jota-aprenem-alemany\/\" title=\"Read A l&#8217;IE La Jota aprenem alemany\">Llegeix m\u00e9s\u00bb<\/a><\/p>\n","protected":false},"author":1,"featured_media":7192,"comment_status":"open","ping_status":"open","sticky":false,"template":"","format":"standard","meta":{"_bbp_topic_count":0,"_bbp_reply_count":0,"_bbp_total_topic_count":0,"_bbp_total_reply_count":0,"_bbp_voice_count":0,"_bbp_anonymous_reply_count":0,"_bbp_topic_count_hidden":0,"_bbp_reply_count_hidden":0,"_bbp_forum_subforum_count":0,"footnotes":""},"categories":[1],"tags":[],"class_list":["post-7191","post","type-post","status-publish","format-standard","has-post-thumbnail","hentry","category-general"],"post_mailing_queue_ids":[],"_links":{"self":[{"href":"https:\/\/agora.xtec.cat\/ceiplajota\/wp-json\/wp\/v2\/posts\/7191","targetHints":{"allow":["GET"]}}],"collection":[{"href":"https:\/\/agora.xtec.cat\/ceiplajota\/wp-json\/wp\/v2\/posts"}],"about":[{"href":"https:\/\/agora.xtec.cat\/ceiplajota\/wp-json\/wp\/v2\/types\/post"}],"author":[{"embeddable":true,"href":"https:\/\/agora.xtec.cat\/ceiplajota\/wp-json\/wp\/v2\/users\/1"}],"replies":[{"embeddable":true,"href":"https:\/\/agora.xtec.cat\/ceiplajota\/wp-json\/wp\/v2\/comments?post=7191"}],"version-history":[{"count":4,"href":"https:\/\/agora.xtec.cat\/ceiplajota\/wp-json\/wp\/v2\/posts\/7191\/revisions"}],"predecessor-version":[{"id":7199,"href":"https:\/\/agora.xtec.cat\/ceiplajota\/wp-json\/wp\/v2\/posts\/7191\/revisions\/7199"}],"wp:featuredmedia":[{"embeddable":true,"href":"https:\/\/agora.xtec.cat\/ceiplajota\/wp-json\/wp\/v2\/media\/7192"}],"wp:attachment":[{"href":"https:\/\/agora.xtec.cat\/ceiplajota\/wp-json\/wp\/v2\/media?parent=7191"}],"wp:term":[{"taxonomy":"category","embeddable":true,"href":"https:\/\/agora.xtec.cat\/ceiplajota\/wp-json\/wp\/v2\/categories?post=7191"},{"taxonomy":"post_tag","embeddable":true,"href":"https:\/\/agora.xtec.cat\/ceiplajota\/wp-json\/wp\/v2\/tags?post=7191"}],"curies":[{"name":"wp","href":"https:\/\/api.w.org\/{rel}","templated":true}]}}