{"id":7180,"date":"2026-02-20T20:11:57","date_gmt":"2026-02-20T19:11:57","guid":{"rendered":"https:\/\/agora.xtec.cat\/ceiplajota\/?p=7180"},"modified":"2026-02-22T20:38:22","modified_gmt":"2026-02-22T19:38:22","slug":"dijous-gras-la-desfilada","status":"publish","type":"post","link":"https:\/\/agora.xtec.cat\/ceiplajota\/general\/dijous-gras-la-desfilada\/","title":{"rendered":"DIJOUS GRAS &#8211; LA DESFILADA"},"content":{"rendered":"<p>Aquest curs 25-26 la meteorologia ens ha fet una petita trapelleria.<\/p>\n<p>El dijous 12 de febrer no vam poder celebrar la desfilada de disfresses lliures amb l\u2019alumnat d\u2019infantil i prim\u00e0ria i les seves fam\u00edlies perqu\u00e8 el vent era massa fort. De fet, a Catalunya van estar tancades totes les escoles, instituts i universitats.<\/p>\n<p>Vam canviar la data al dijous 19 de febrer i ens vam trobar a les pistes esportives del pavell\u00f3 municipal. Aquesta vegada el temps ens va acompanyar i la tarda va ser tot un \u00e8xit!<\/p>\n<p><a href=\"https:\/\/agora.xtec.cat\/ceiplajota\/wp-content\/uploads\/usu1571\/2026\/02\/dijous.png\"><img loading=\"lazy\" decoding=\"async\" class=\"aligncenter size-medium wp-image-7185\" src=\"https:\/\/agora.xtec.cat\/ceiplajota\/wp-content\/uploads\/usu1571\/2026\/02\/dijous-300x122.png\" alt=\"\" width=\"300\" height=\"122\" srcset=\"https:\/\/agora.xtec.cat\/ceiplajota\/wp-content\/uploads\/usu1571\/2026\/02\/dijous-300x122.png 300w, https:\/\/agora.xtec.cat\/ceiplajota\/wp-content\/uploads\/usu1571\/2026\/02\/dijous.png 559w\" sizes=\"auto, (max-width: 300px) 100vw, 300px\" \/><\/a><\/p>\n<p><strong><span style=\"color: #3366ff;\">VISCA<\/span><\/strong> <strong><span style=\"color: #339966;\">EL<\/span><\/strong> <strong><span style=\"color: #ff0000;\">CARNAVAL<\/span><span style=\"color: #ff6600;\">!!!<\/span><\/strong><\/p>\n<p>Aqu\u00ed en trobar\u00e0s imatges:<\/p>\n<p><a href=\"https:\/\/photos.app.goo.gl\/sBe2VkJBABtADY6bA\" target=\"_blank\" rel=\"noopener\">Ed. Infantil<\/a><\/p>\n<p><a href=\"https:\/\/photos.app.goo.gl\/66gksK2z4q5ukgMf8\" target=\"_blank\" rel=\"noopener\">Cicle Inicial<\/a><\/p>\n<p><a href=\"https:\/\/photos.app.goo.gl\/eyS7B8oShJG1g9H38\" target=\"_blank\" rel=\"noopener\">Cicle Mitj\u00e0<\/a><\/p>\n<p><a href=\"https:\/\/photos.app.goo.gl\/A9YXx1vQWEzVNMjZ6\" target=\"_blank\" rel=\"noopener\">Cicle Superior<\/a><\/p>\n","protected":false},"excerpt":{"rendered":"<p>Aquest curs 25-26 la meteorologia ens ha fet una petita trapelleria.<br \/>\nEl dijous 12 de febrer no vam poder celebrar la desfilada de disfresses lliures amb l\u2019alumnat d\u2019infantil i prim\u00e0ria i les seves fam\u00edlies perqu\u00e8 el vent era massa fort. De fet, a Catalunya van estar&hellip;  <a href=\"https:\/\/agora.xtec.cat\/ceiplajota\/general\/dijous-gras-la-desfilada\/\" title=\"Read DIJOUS GRAS &#8211; LA DESFILADA\">Llegeix m\u00e9s\u00bb<\/a><\/p>\n","protected":false},"author":1,"featured_media":7181,"comment_status":"open","ping_status":"open","sticky":false,"template":"","format":"standard","meta":{"_bbp_topic_count":0,"_bbp_reply_count":0,"_bbp_total_topic_count":0,"_bbp_total_reply_count":0,"_bbp_voice_count":0,"_bbp_anonymous_reply_count":0,"_bbp_topic_count_hidden":0,"_bbp_reply_count_hidden":0,"_bbp_forum_subforum_count":0,"footnotes":""},"categories":[1],"tags":[],"class_list":["post-7180","post","type-post","status-publish","format-standard","has-post-thumbnail","hentry","category-general"],"post_mailing_queue_ids":[],"_links":{"self":[{"href":"https:\/\/agora.xtec.cat\/ceiplajota\/wp-json\/wp\/v2\/posts\/7180","targetHints":{"allow":["GET"]}}],"collection":[{"href":"https:\/\/agora.xtec.cat\/ceiplajota\/wp-json\/wp\/v2\/posts"}],"about":[{"href":"https:\/\/agora.xtec.cat\/ceiplajota\/wp-json\/wp\/v2\/types\/post"}],"author":[{"embeddable":true,"href":"https:\/\/agora.xtec.cat\/ceiplajota\/wp-json\/wp\/v2\/users\/1"}],"replies":[{"embeddable":true,"href":"https:\/\/agora.xtec.cat\/ceiplajota\/wp-json\/wp\/v2\/comments?post=7180"}],"version-history":[{"count":4,"href":"https:\/\/agora.xtec.cat\/ceiplajota\/wp-json\/wp\/v2\/posts\/7180\/revisions"}],"predecessor-version":[{"id":7186,"href":"https:\/\/agora.xtec.cat\/ceiplajota\/wp-json\/wp\/v2\/posts\/7180\/revisions\/7186"}],"wp:featuredmedia":[{"embeddable":true,"href":"https:\/\/agora.xtec.cat\/ceiplajota\/wp-json\/wp\/v2\/media\/7181"}],"wp:attachment":[{"href":"https:\/\/agora.xtec.cat\/ceiplajota\/wp-json\/wp\/v2\/media?parent=7180"}],"wp:term":[{"taxonomy":"category","embeddable":true,"href":"https:\/\/agora.xtec.cat\/ceiplajota\/wp-json\/wp\/v2\/categories?post=7180"},{"taxonomy":"post_tag","embeddable":true,"href":"https:\/\/agora.xtec.cat\/ceiplajota\/wp-json\/wp\/v2\/tags?post=7180"}],"curies":[{"name":"wp","href":"https:\/\/api.w.org\/{rel}","templated":true}]}}