{"id":7168,"date":"2026-02-15T20:08:02","date_gmt":"2026-02-15T19:08:02","guid":{"rendered":"https:\/\/agora.xtec.cat\/ceiplajota\/?p=7168"},"modified":"2026-02-22T20:41:47","modified_gmt":"2026-02-22T19:41:47","slug":"carnaval-2026","status":"publish","type":"post","link":"https:\/\/agora.xtec.cat\/ceiplajota\/general\/carnaval-2026\/","title":{"rendered":"CARNAVAL 2026"},"content":{"rendered":"<p><a href=\"https:\/\/agora.xtec.cat\/ceiplajota\/wp-content\/uploads\/usu1571\/2026\/02\/Carnaval-1.png\"><img loading=\"lazy\" decoding=\"async\" class=\"aligncenter size-medium wp-image-7169\" src=\"https:\/\/agora.xtec.cat\/ceiplajota\/wp-content\/uploads\/usu1571\/2026\/02\/Carnaval-1-300x128.png\" alt=\"\" width=\"300\" height=\"128\" srcset=\"https:\/\/agora.xtec.cat\/ceiplajota\/wp-content\/uploads\/usu1571\/2026\/02\/Carnaval-1-300x128.png 300w, https:\/\/agora.xtec.cat\/ceiplajota\/wp-content\/uploads\/usu1571\/2026\/02\/Carnaval-1.png 682w\" sizes=\"auto, (max-width: 300px) 100vw, 300px\" \/><\/a><\/p>\n<p>Aquest <strong><span style=\"color: #ff6600;\">CARNAVAL 2026<\/span><\/strong> ha estat una mica mogut pel vent i la pluja. Per\u00f2 malgrat totes les adversitats metereol\u00f2giques, a l&#8217;<strong><span style=\"color: #ff0000;\">Institut Escola La Jota<\/span><\/strong> hem celebrat el <strong><span style=\"color: #0000ff;\">CARNAVAL<\/span><\/strong>.<a href=\"https:\/\/agora.xtec.cat\/ceiplajota\/wp-content\/uploads\/usu1571\/2026\/02\/carnaval-2.png\"><img loading=\"lazy\" decoding=\"async\" class=\"aligncenter size-medium wp-image-7170\" src=\"https:\/\/agora.xtec.cat\/ceiplajota\/wp-content\/uploads\/usu1571\/2026\/02\/carnaval-2-300x61.png\" alt=\"\" width=\"300\" height=\"61\" srcset=\"https:\/\/agora.xtec.cat\/ceiplajota\/wp-content\/uploads\/usu1571\/2026\/02\/carnaval-2-300x61.png 300w, https:\/\/agora.xtec.cat\/ceiplajota\/wp-content\/uploads\/usu1571\/2026\/02\/carnaval-2-768x155.png 768w, https:\/\/agora.xtec.cat\/ceiplajota\/wp-content\/uploads\/usu1571\/2026\/02\/carnaval-2.png 847w\" sizes=\"auto, (max-width: 300px) 100vw, 300px\" \/><\/a><\/p>\n<p>Aquest curs el nostre <strong><span style=\"color: #ff00ff;\">CARNAVAL<\/span><\/strong> ha anat en relaci\u00f3 als 50 anys.<\/p>\n<p>Dilluns 9 de febrer vam comen\u00e7ar amb les <strong><span style=\"color: #339966;\">ordres esbojarrades del Rei Carnestoltes<\/span><\/strong>. L&#8217;alumnat de 6\u00e8 curs les <a href=\"https:\/\/drive.google.com\/file\/d\/1-IfrB_opCjcBQTRu103ybM2VmXx06Xeb\/view?usp=drive_link\" target=\"_blank\" rel=\"noopener\">pensa<\/a> i explica a les fam\u00edlies i alumnes.<\/p>\n<p>Els nens i les nenes d&#8217;<a href=\"https:\/\/photos.app.goo.gl\/St3FoRyrCFe2nUW28\" target=\"_blank\" rel=\"noopener\">Educaci\u00f3 Infantil<\/a> s&#8217;han disfressat de l&#8217;escut de Badia del Vall\u00e8s.<\/p>\n<p>A <a href=\"https:\/\/photos.app.goo.gl\/y4gcEzqpsp3Yrcrj8\" target=\"_blank\" rel=\"noopener\">Cicle Inicial<\/a> del Badi.<\/p>\n<p>A <a href=\"https:\/\/photos.app.goo.gl\/YTtcnMLAXXPa81oF9\" target=\"_blank\" rel=\"noopener\">Cicle Mitj\u00e0<\/a> d&#8217;edificis de la poblaci\u00f3.<\/p>\n<p>A <a href=\"https:\/\/photos.app.goo.gl\/YKXBfVvsw4CPrc3i8\" target=\"_blank\" rel=\"noopener\">Cicle Superior<\/a> de les orenetes presents en l&#8217;escut i del simbolisme que tenen aquestes.<\/p>\n<p>A <a href=\"https:\/\/photos.app.goo.gl\/remcFrixL4f27Up37\" target=\"_blank\" rel=\"noopener\">secund\u00e0ria<\/a> les disfresses han estat lliures per l&#8217;alumnat; el professorat de\u00a0 secund\u00e0ria ha anat de diferents carrers o espais municipals.<\/p>\n<p><a href=\"https:\/\/agora.xtec.cat\/ceiplajota\/wp-content\/uploads\/usu1571\/2026\/02\/ESO-Carnaval.png\"><img loading=\"lazy\" decoding=\"async\" class=\"aligncenter size-medium wp-image-7189\" src=\"https:\/\/agora.xtec.cat\/ceiplajota\/wp-content\/uploads\/usu1571\/2026\/02\/ESO-Carnaval-300x193.png\" alt=\"\" width=\"300\" height=\"193\" srcset=\"https:\/\/agora.xtec.cat\/ceiplajota\/wp-content\/uploads\/usu1571\/2026\/02\/ESO-Carnaval-300x193.png 300w, https:\/\/agora.xtec.cat\/ceiplajota\/wp-content\/uploads\/usu1571\/2026\/02\/ESO-Carnaval.png 555w\" sizes=\"auto, (max-width: 300px) 100vw, 300px\" \/><\/a><\/p>\n<p>Hem fet la desfilada als porxos del centre i les fam\u00edlies hi han pogut participar. No ha faltat la m\u00fasica i la gresca. L&#8217;alcalde tamb\u00e9 ens ha visitat.<\/p>\n<p>L&#8217;alumnat de 6\u00e8 curs de prim\u00e0ria ha fet el <a href=\"https:\/\/drive.google.com\/file\/d\/1ZhspgFcLifiq_lYPsAgaXYahSeQHHcXQ\/view?usp=drive_link\" target=\"_blank\" rel=\"noopener\">preg\u00f3<\/a>.<\/p>\n<p>A secund\u00e0ria s&#8217;ha fet el <strong><span style=\"color: #0000ff;\">II Jota Talent<\/span><\/strong> amb una gran participaci\u00f3. Des de l&#8217;AFA s&#8217;han ofert uns premis genials per als guanyadors i guanyadores.<\/p>\n<p>I encara no s&#8217;ha acabat!!! Com no vam poder fer el dijous gras per culpa del vent, el celebrem el dijous dia 19 de febrer. <strong><span style=\"color: #800080;\">VISCA EL CARNAVAL!!!<\/span><\/strong><\/p>\n<p>&nbsp;<\/p>\n<p>&nbsp;<\/p>\n","protected":false},"excerpt":{"rendered":"<p><a href=\"https:\/\/agora.xtec.cat\/ceiplajota\/wp-content\/uploads\/usu1571\/2026\/02\/Carnaval-1.png\"><\/a><br \/>\nAquest CARNAVAL 2026 ha estat una mica mogut pel vent i la pluja. Per\u00f2 malgrat totes les adversitats metereol\u00f2giques, a l&#8217;Institut Escola La Jota hem celebrat el CARNAVAL.<a href=\"https:\/\/agora.xtec.cat\/ceiplajota\/wp-content\/uploads\/usu1571\/2026\/02\/carnaval-2.png\"><\/a><br \/>\nAquest curs el nostre CARNAVAL ha anat en relaci\u00f3 als 50 anys.<br \/>\nDilluns 9 de febrer vam&hellip;  <a href=\"https:\/\/agora.xtec.cat\/ceiplajota\/general\/carnaval-2026\/\" title=\"Read CARNAVAL 2026\">Llegeix m\u00e9s\u00bb<\/a><\/p>\n","protected":false},"author":1,"featured_media":7170,"comment_status":"open","ping_status":"open","sticky":false,"template":"","format":"standard","meta":{"_bbp_topic_count":0,"_bbp_reply_count":0,"_bbp_total_topic_count":0,"_bbp_total_reply_count":0,"_bbp_voice_count":0,"_bbp_anonymous_reply_count":0,"_bbp_topic_count_hidden":0,"_bbp_reply_count_hidden":0,"_bbp_forum_subforum_count":0,"footnotes":""},"categories":[1],"tags":[],"class_list":["post-7168","post","type-post","status-publish","format-standard","has-post-thumbnail","hentry","category-general"],"post_mailing_queue_ids":[],"_links":{"self":[{"href":"https:\/\/agora.xtec.cat\/ceiplajota\/wp-json\/wp\/v2\/posts\/7168","targetHints":{"allow":["GET"]}}],"collection":[{"href":"https:\/\/agora.xtec.cat\/ceiplajota\/wp-json\/wp\/v2\/posts"}],"about":[{"href":"https:\/\/agora.xtec.cat\/ceiplajota\/wp-json\/wp\/v2\/types\/post"}],"author":[{"embeddable":true,"href":"https:\/\/agora.xtec.cat\/ceiplajota\/wp-json\/wp\/v2\/users\/1"}],"replies":[{"embeddable":true,"href":"https:\/\/agora.xtec.cat\/ceiplajota\/wp-json\/wp\/v2\/comments?post=7168"}],"version-history":[{"count":5,"href":"https:\/\/agora.xtec.cat\/ceiplajota\/wp-json\/wp\/v2\/posts\/7168\/revisions"}],"predecessor-version":[{"id":7190,"href":"https:\/\/agora.xtec.cat\/ceiplajota\/wp-json\/wp\/v2\/posts\/7168\/revisions\/7190"}],"wp:featuredmedia":[{"embeddable":true,"href":"https:\/\/agora.xtec.cat\/ceiplajota\/wp-json\/wp\/v2\/media\/7170"}],"wp:attachment":[{"href":"https:\/\/agora.xtec.cat\/ceiplajota\/wp-json\/wp\/v2\/media?parent=7168"}],"wp:term":[{"taxonomy":"category","embeddable":true,"href":"https:\/\/agora.xtec.cat\/ceiplajota\/wp-json\/wp\/v2\/categories?post=7168"},{"taxonomy":"post_tag","embeddable":true,"href":"https:\/\/agora.xtec.cat\/ceiplajota\/wp-json\/wp\/v2\/tags?post=7168"}],"curies":[{"name":"wp","href":"https:\/\/api.w.org\/{rel}","templated":true}]}}