{"id":7163,"date":"2026-01-15T10:59:39","date_gmt":"2026-01-15T09:59:39","guid":{"rendered":"https:\/\/agora.xtec.cat\/ceiplajota\/?p=7163"},"modified":"2026-02-22T20:39:36","modified_gmt":"2026-02-22T19:39:36","slug":"tallers-en-llengua-anglesa","status":"publish","type":"post","link":"https:\/\/agora.xtec.cat\/ceiplajota\/general\/tallers-en-llengua-anglesa\/","title":{"rendered":"TALLERS EN LLENGUA ANGLESA"},"content":{"rendered":"<p><span style=\"font-weight: 400;\">Des del mes de gener i fins a mitjans d\u2019abril, l\u2019alumnat de cicle superior (5\u00e8 i 6\u00e8) est\u00e0 participant en uns tallers en llengua anglesa. Aquesta \u00e9s una activitat finan\u00e7ada des del Departament d\u2019Educaci\u00f3 i Formaci\u00f3 Professional al que el centre s\u2019ha adherit.\u00a0<\/span><\/p>\n<p><span style=\"font-weight: 400;\">Aquests tallers estan enfocats a la millora de l\u2019angl\u00e8s a trav\u00e9s d\u2019activitats l\u00fadiques i motivadores, especialment mitjan\u00e7ant propostes d\u2019arts &amp; crafts, que permeten treballar la llengua d\u2019una manera pr\u00e0ctica i din\u00e0mica. Les sessions s\u00f3n impartides per una empresa externa especialitzada en l\u2019ensenyament de l\u2019angl\u00e8s.<\/span><\/p>\n<p><span style=\"font-weight: 400;\">Durant aquestes hores, el grup classe es divideix en dos. Mentre un dels grups realitza les activitats d\u2019arts &amp; crafts en angl\u00e8s amb l\u2019empresa externa i la tutora del grup, l\u2019altre grup treballa amb la mestra d\u2019angl\u00e8s de cicle superior de l\u2019escola. En aquestes sessions es practica la llengua a trav\u00e9s del joc i l\u2019art amb activitats din\u00e0miques, l\u2019objectiu \u00e9s treballar les diferents <\/span><i><span style=\"font-weight: 400;\">skills<\/span><\/i><span style=\"font-weight: 400;\"> (comprensi\u00f3 oral, expressi\u00f3 oral, lectura i escriptura).<\/span><\/p>\n<p><span style=\"font-weight: 400;\">A trav\u00e9s del joc i l\u2019art, les nenes i els nens van adquirint vocabulari b\u00e0sic i estructures senzilles que, m\u00e9s endavant, els serviran com a base per expressar-se oralment amb m\u00e9s seguretat en angl\u00e8s.<\/span><\/p>\n<p><a href=\"https:\/\/agora.xtec.cat\/ceiplajota\/wp-content\/uploads\/usu1571\/2026\/01\/CS.png\"><img loading=\"lazy\" decoding=\"async\" class=\"aligncenter size-medium wp-image-7187\" src=\"https:\/\/agora.xtec.cat\/ceiplajota\/wp-content\/uploads\/usu1571\/2026\/01\/CS-300x90.png\" alt=\"\" width=\"300\" height=\"90\" srcset=\"https:\/\/agora.xtec.cat\/ceiplajota\/wp-content\/uploads\/usu1571\/2026\/01\/CS-300x90.png 300w, https:\/\/agora.xtec.cat\/ceiplajota\/wp-content\/uploads\/usu1571\/2026\/01\/CS-768x231.png 768w, https:\/\/agora.xtec.cat\/ceiplajota\/wp-content\/uploads\/usu1571\/2026\/01\/CS.png 790w\" sizes=\"auto, (max-width: 300px) 100vw, 300px\" \/><\/a><\/p>\n<p><span style=\"font-weight: 400;\">Esperem que aquesta iniciativa contribueixi a refor\u00e7ar l\u2019aprenentatge de l\u2019angl\u00e8s i a fomentar una actitud positiva cap a la llengua.<\/span><\/p>\n<p>Aqu\u00ed hi trobareu <a href=\"https:\/\/drive.google.com\/drive\/folders\/1-pn6Ujkq6qp7oWM0-PGXxdCsjMRMk5CT?usp=drive_link\" target=\"_blank\" rel=\"noopener\">imatges<\/a>.<\/p>\n<p><a href=\"https:\/\/agora.xtec.cat\/ceiplajota\/wp-content\/uploads\/usu1571\/2026\/02\/Angles.png\"><img loading=\"lazy\" decoding=\"async\" class=\"aligncenter size-medium wp-image-7164\" src=\"https:\/\/agora.xtec.cat\/ceiplajota\/wp-content\/uploads\/usu1571\/2026\/02\/Angles-300x83.png\" alt=\"\" width=\"300\" height=\"83\" srcset=\"https:\/\/agora.xtec.cat\/ceiplajota\/wp-content\/uploads\/usu1571\/2026\/02\/Angles-300x83.png 300w, https:\/\/agora.xtec.cat\/ceiplajota\/wp-content\/uploads\/usu1571\/2026\/02\/Angles.png 457w\" sizes=\"auto, (max-width: 300px) 100vw, 300px\" \/><\/a><\/p>\n","protected":false},"excerpt":{"rendered":"<p>Des del mes de gener i fins a mitjans d\u2019abril, l\u2019alumnat de cicle superior (5\u00e8 i 6\u00e8) est\u00e0 participant en uns tallers en llengua anglesa. Aquesta \u00e9s una activitat finan\u00e7ada des del Departament d\u2019Educaci\u00f3 i Formaci\u00f3 Professional al que el centre s\u2019ha adherit.\u00a0<br \/>\nAquests tallers estan&hellip;  <a href=\"https:\/\/agora.xtec.cat\/ceiplajota\/general\/tallers-en-llengua-anglesa\/\" title=\"Read TALLERS EN LLENGUA ANGLESA\">Llegeix m\u00e9s\u00bb<\/a><\/p>\n","protected":false},"author":1,"featured_media":7167,"comment_status":"open","ping_status":"open","sticky":false,"template":"","format":"standard","meta":{"_bbp_topic_count":0,"_bbp_reply_count":0,"_bbp_total_topic_count":0,"_bbp_total_reply_count":0,"_bbp_voice_count":0,"_bbp_anonymous_reply_count":0,"_bbp_topic_count_hidden":0,"_bbp_reply_count_hidden":0,"_bbp_forum_subforum_count":0,"footnotes":""},"categories":[1],"tags":[],"class_list":["post-7163","post","type-post","status-publish","format-standard","has-post-thumbnail","hentry","category-general"],"post_mailing_queue_ids":[],"_links":{"self":[{"href":"https:\/\/agora.xtec.cat\/ceiplajota\/wp-json\/wp\/v2\/posts\/7163","targetHints":{"allow":["GET"]}}],"collection":[{"href":"https:\/\/agora.xtec.cat\/ceiplajota\/wp-json\/wp\/v2\/posts"}],"about":[{"href":"https:\/\/agora.xtec.cat\/ceiplajota\/wp-json\/wp\/v2\/types\/post"}],"author":[{"embeddable":true,"href":"https:\/\/agora.xtec.cat\/ceiplajota\/wp-json\/wp\/v2\/users\/1"}],"replies":[{"embeddable":true,"href":"https:\/\/agora.xtec.cat\/ceiplajota\/wp-json\/wp\/v2\/comments?post=7163"}],"version-history":[{"count":2,"href":"https:\/\/agora.xtec.cat\/ceiplajota\/wp-json\/wp\/v2\/posts\/7163\/revisions"}],"predecessor-version":[{"id":7188,"href":"https:\/\/agora.xtec.cat\/ceiplajota\/wp-json\/wp\/v2\/posts\/7163\/revisions\/7188"}],"wp:featuredmedia":[{"embeddable":true,"href":"https:\/\/agora.xtec.cat\/ceiplajota\/wp-json\/wp\/v2\/media\/7167"}],"wp:attachment":[{"href":"https:\/\/agora.xtec.cat\/ceiplajota\/wp-json\/wp\/v2\/media?parent=7163"}],"wp:term":[{"taxonomy":"category","embeddable":true,"href":"https:\/\/agora.xtec.cat\/ceiplajota\/wp-json\/wp\/v2\/categories?post=7163"},{"taxonomy":"post_tag","embeddable":true,"href":"https:\/\/agora.xtec.cat\/ceiplajota\/wp-json\/wp\/v2\/tags?post=7163"}],"curies":[{"name":"wp","href":"https:\/\/api.w.org\/{rel}","templated":true}]}}