{"id":7158,"date":"2026-02-08T14:57:45","date_gmt":"2026-02-08T13:57:45","guid":{"rendered":"https:\/\/agora.xtec.cat\/ceiplajota\/?p=7158"},"modified":"2026-02-08T14:57:45","modified_gmt":"2026-02-08T13:57:45","slug":"recooperem","status":"publish","type":"post","link":"https:\/\/agora.xtec.cat\/ceiplajota\/general\/recooperem\/","title":{"rendered":"RECOOPEREM"},"content":{"rendered":"<p>La tarda del dijous dia 5 de febrer de 2026, la direcci\u00f3 del centre va assistir a l&#8217;Espai Cultura de la Fundaci\u00f3 1859 Caixa Sabadell a una sessi\u00f3\u00a0 molt interessant on, des del Consell Comarcal, es celebrava e 10\u00e8 aniversari del programa Recooperem.<\/p>\n<p><a href=\"https:\/\/agora.xtec.cat\/ceiplajota\/wp-content\/uploads\/usu1571\/2026\/02\/REcooperem.png\"><img loading=\"lazy\" decoding=\"async\" class=\"aligncenter size-medium wp-image-7159\" src=\"https:\/\/agora.xtec.cat\/ceiplajota\/wp-content\/uploads\/usu1571\/2026\/02\/REcooperem-300x83.png\" alt=\"\" width=\"300\" height=\"83\" srcset=\"https:\/\/agora.xtec.cat\/ceiplajota\/wp-content\/uploads\/usu1571\/2026\/02\/REcooperem-300x83.png 300w, https:\/\/agora.xtec.cat\/ceiplajota\/wp-content\/uploads\/usu1571\/2026\/02\/REcooperem.png 478w\" sizes=\"auto, (max-width: 300px) 100vw, 300px\" \/><\/a><\/p>\n<p>El \u201cRecooperem: cuina per compartir, est\u00e0 actiu des de 2015. El centre hi participa des del seu origen.<\/p>\n<p>Es desenvolupa en diversos municipis de la comarca i consisteix en la recollida de l\u2019excedent d\u2019\u00e0pats dels dinars\u00a0 per la seva posterior distribuci\u00f3 entre la ciutadania, especialment entre les persones que es troben en situacions de vulnerabilitat.<\/p>\n<p>L\u2019aprofitament dels \u00e0pats generats, i per tant, el no malbaratament d\u2019aquests, permet facilitar l\u2019acc\u00e9s d\u2019aquestes persones a un ventall de plats elaborats, uns \u00e0pats que estan basats en una dieta variada, saludable i de qualitat.<\/p>\n<p>Des del centre agra\u00efm a:<\/p>\n<ul>\n<li>Roca Gonzalez, gastronomia col\u00b7lectiva, per ajudar-nos participant-hi<\/li>\n<li>A la Parr\u00f2quia de la Mare de D\u00e9u de la Merc\u00e8 de Badia del Vall\u00e8s per la tasca de voluntariat tan important i per repartir els dinars solidaris entre la poblaci\u00f3 de Badia que ho necessita.<\/li>\n<\/ul>\n<p><a href=\"https:\/\/agora.xtec.cat\/ceiplajota\/wp-content\/uploads\/usu1571\/2026\/02\/recooprerem-2.png\"><img loading=\"lazy\" decoding=\"async\" class=\"aligncenter size-medium wp-image-7160\" src=\"https:\/\/agora.xtec.cat\/ceiplajota\/wp-content\/uploads\/usu1571\/2026\/02\/recooprerem-2-281x300.png\" alt=\"\" width=\"281\" height=\"300\" srcset=\"https:\/\/agora.xtec.cat\/ceiplajota\/wp-content\/uploads\/usu1571\/2026\/02\/recooprerem-2-281x300.png 281w, https:\/\/agora.xtec.cat\/ceiplajota\/wp-content\/uploads\/usu1571\/2026\/02\/recooprerem-2.png 471w\" sizes=\"auto, (max-width: 281px) 100vw, 281px\" \/><\/a><\/p>\n<p>&nbsp;<\/p>\n<p><a href=\"https:\/\/agora.xtec.cat\/ceiplajota\/wp-content\/uploads\/usu1571\/2026\/02\/recooperem-3.png\"><img loading=\"lazy\" decoding=\"async\" class=\"aligncenter size-medium wp-image-7161\" src=\"https:\/\/agora.xtec.cat\/ceiplajota\/wp-content\/uploads\/usu1571\/2026\/02\/recooperem-3-300x202.png\" alt=\"\" width=\"300\" height=\"202\" srcset=\"https:\/\/agora.xtec.cat\/ceiplajota\/wp-content\/uploads\/usu1571\/2026\/02\/recooperem-3-300x202.png 300w, https:\/\/agora.xtec.cat\/ceiplajota\/wp-content\/uploads\/usu1571\/2026\/02\/recooperem-3-768x518.png 768w, https:\/\/agora.xtec.cat\/ceiplajota\/wp-content\/uploads\/usu1571\/2026\/02\/recooperem-3.png 954w\" sizes=\"auto, (max-width: 300px) 100vw, 300px\" \/><\/a><\/p>\n","protected":false},"excerpt":{"rendered":"<p>La tarda del dijous dia 5 de febrer de 2026, la direcci\u00f3 del centre va assistir a l&#8217;Espai Cultura de la Fundaci\u00f3 1859 Caixa Sabadell a una sessi\u00f3\u00a0 molt interessant on, des del Consell Comarcal, es celebrava e 10\u00e8 aniversari del programa Recooperem.<br \/>\n<a href=\"https:\/\/agora.xtec.cat\/ceiplajota\/wp-content\/uploads\/usu1571\/2026\/02\/REcooperem.png\"><\/a><br \/>\nEl \u201cRecooperem:&hellip;  <a href=\"https:\/\/agora.xtec.cat\/ceiplajota\/general\/recooperem\/\" title=\"Read RECOOPEREM\">Llegeix m\u00e9s\u00bb<\/a><\/p>\n","protected":false},"author":1,"featured_media":7159,"comment_status":"open","ping_status":"open","sticky":false,"template":"","format":"standard","meta":{"_bbp_topic_count":0,"_bbp_reply_count":0,"_bbp_total_topic_count":0,"_bbp_total_reply_count":0,"_bbp_voice_count":0,"_bbp_anonymous_reply_count":0,"_bbp_topic_count_hidden":0,"_bbp_reply_count_hidden":0,"_bbp_forum_subforum_count":0,"footnotes":""},"categories":[1],"tags":[],"class_list":["post-7158","post","type-post","status-publish","format-standard","has-post-thumbnail","hentry","category-general"],"post_mailing_queue_ids":[],"_links":{"self":[{"href":"https:\/\/agora.xtec.cat\/ceiplajota\/wp-json\/wp\/v2\/posts\/7158","targetHints":{"allow":["GET"]}}],"collection":[{"href":"https:\/\/agora.xtec.cat\/ceiplajota\/wp-json\/wp\/v2\/posts"}],"about":[{"href":"https:\/\/agora.xtec.cat\/ceiplajota\/wp-json\/wp\/v2\/types\/post"}],"author":[{"embeddable":true,"href":"https:\/\/agora.xtec.cat\/ceiplajota\/wp-json\/wp\/v2\/users\/1"}],"replies":[{"embeddable":true,"href":"https:\/\/agora.xtec.cat\/ceiplajota\/wp-json\/wp\/v2\/comments?post=7158"}],"version-history":[{"count":1,"href":"https:\/\/agora.xtec.cat\/ceiplajota\/wp-json\/wp\/v2\/posts\/7158\/revisions"}],"predecessor-version":[{"id":7162,"href":"https:\/\/agora.xtec.cat\/ceiplajota\/wp-json\/wp\/v2\/posts\/7158\/revisions\/7162"}],"wp:featuredmedia":[{"embeddable":true,"href":"https:\/\/agora.xtec.cat\/ceiplajota\/wp-json\/wp\/v2\/media\/7159"}],"wp:attachment":[{"href":"https:\/\/agora.xtec.cat\/ceiplajota\/wp-json\/wp\/v2\/media?parent=7158"}],"wp:term":[{"taxonomy":"category","embeddable":true,"href":"https:\/\/agora.xtec.cat\/ceiplajota\/wp-json\/wp\/v2\/categories?post=7158"},{"taxonomy":"post_tag","embeddable":true,"href":"https:\/\/agora.xtec.cat\/ceiplajota\/wp-json\/wp\/v2\/tags?post=7158"}],"curies":[{"name":"wp","href":"https:\/\/api.w.org\/{rel}","templated":true}]}}