{"id":7152,"date":"2025-12-20T14:19:45","date_gmt":"2025-12-20T13:19:45","guid":{"rendered":"https:\/\/agora.xtec.cat\/ceiplajota\/?p=7152"},"modified":"2026-02-08T14:30:08","modified_gmt":"2026-02-08T13:30:08","slug":"el-nadal-a-linstitut-escola-la-jota","status":"publish","type":"post","link":"https:\/\/agora.xtec.cat\/ceiplajota\/general\/el-nadal-a-linstitut-escola-la-jota\/","title":{"rendered":"El Nadal a l&#8217;Institut Escola La Jota"},"content":{"rendered":"<p>Finalitza el primer trimestre i, als diferents cicles educatius de l&#8217;Institut Escola La Jota,\u00a0 es realitzen activitats per compartir amb els companys i companyes, docents i amb les fam\u00edlies.<\/p>\n<p>4t B de prim\u00e0ria actua al teatre del centre representant l&#8217;obra &#8220;Els Pastorets&#8221; per l&#8217;alumnat de cicle mitj\u00e0 i cicle superior i per les seves fam\u00edlies.<\/p>\n<p>La resta de grups d&#8217;infantil, prim\u00e0ria i secund\u00e0ria mostren al teatre la feina feta amb el docent de m\u00fasica i els\/les turtors\/es. Primer ho fan per companys i companyes de cicle i el dia 18 de desembre per les seves fam\u00edlies.<\/p>\n<p>Tots finalitzem el trimestre amb una jornada ben bonica el divendres dia 19 de desembre amb el Ti\u00f3, els Reis Mags, l&#8217;Amic Invisible i el &#8220;Campament de les Il\u00b7lusions&#8221; que organitza l&#8217;AFA.<\/p>\n<p>L&#8217;alumnat de 3r d&#8217;ESO ven xocolata desfeta i melindros per guanyar diners que ajudin a pagar les seves col\u00f2nies.<\/p>\n<p>Si vols veure imatges, clica aqu\u00ed.<\/p>\n<p><a href=\"https:\/\/photos.app.goo.gl\/H5LXgtqb8db9NH2S7\" target=\"_blank\" rel=\"noopener\">Educaci\u00f3 Infantil<\/a><\/p>\n<p><a href=\"https:\/\/photos.app.goo.gl\/YH7XyfK4tS1vMeFfA\" target=\"_blank\" rel=\"noopener\">Cicle Inicial<\/a><\/p>\n<p><a href=\"https:\/\/photos.app.goo.gl\/Enq9F5Ky1E8vgErB7\" target=\"_blank\" rel=\"noopener\">Cicle Mitj\u00e0<\/a><\/p>\n<p><a href=\"https:\/\/photos.app.goo.gl\/SwY97i4EKnvVhe2x7\" target=\"_blank\" rel=\"noopener\">Cicle Superior<\/a><\/p>\n<p>ESO<\/p>\n","protected":false},"excerpt":{"rendered":"<p>Finalitza el primer trimestre i, als diferents cicles educatius de l&#8217;Institut Escola La Jota,\u00a0 es realitzen activitats per compartir amb els companys i companyes, docents i amb les fam\u00edlies.<br \/>\n4t B de prim\u00e0ria actua al teatre del centre representant l&#8217;obra &#8220;Els Pastorets&#8221; per l&#8217;alumnat de cicle&hellip;  <a href=\"https:\/\/agora.xtec.cat\/ceiplajota\/general\/el-nadal-a-linstitut-escola-la-jota\/\" title=\"Read El Nadal a l&#8217;Institut Escola La Jota\">Llegeix m\u00e9s\u00bb<\/a><\/p>\n","protected":false},"author":1,"featured_media":7157,"comment_status":"open","ping_status":"open","sticky":false,"template":"","format":"standard","meta":{"_bbp_topic_count":0,"_bbp_reply_count":0,"_bbp_total_topic_count":0,"_bbp_total_reply_count":0,"_bbp_voice_count":0,"_bbp_anonymous_reply_count":0,"_bbp_topic_count_hidden":0,"_bbp_reply_count_hidden":0,"_bbp_forum_subforum_count":0,"footnotes":""},"categories":[1],"tags":[],"class_list":["post-7152","post","type-post","status-publish","format-standard","has-post-thumbnail","hentry","category-general"],"post_mailing_queue_ids":[],"_links":{"self":[{"href":"https:\/\/agora.xtec.cat\/ceiplajota\/wp-json\/wp\/v2\/posts\/7152","targetHints":{"allow":["GET"]}}],"collection":[{"href":"https:\/\/agora.xtec.cat\/ceiplajota\/wp-json\/wp\/v2\/posts"}],"about":[{"href":"https:\/\/agora.xtec.cat\/ceiplajota\/wp-json\/wp\/v2\/types\/post"}],"author":[{"embeddable":true,"href":"https:\/\/agora.xtec.cat\/ceiplajota\/wp-json\/wp\/v2\/users\/1"}],"replies":[{"embeddable":true,"href":"https:\/\/agora.xtec.cat\/ceiplajota\/wp-json\/wp\/v2\/comments?post=7152"}],"version-history":[{"count":4,"href":"https:\/\/agora.xtec.cat\/ceiplajota\/wp-json\/wp\/v2\/posts\/7152\/revisions"}],"predecessor-version":[{"id":7156,"href":"https:\/\/agora.xtec.cat\/ceiplajota\/wp-json\/wp\/v2\/posts\/7152\/revisions\/7156"}],"wp:featuredmedia":[{"embeddable":true,"href":"https:\/\/agora.xtec.cat\/ceiplajota\/wp-json\/wp\/v2\/media\/7157"}],"wp:attachment":[{"href":"https:\/\/agora.xtec.cat\/ceiplajota\/wp-json\/wp\/v2\/media?parent=7152"}],"wp:term":[{"taxonomy":"category","embeddable":true,"href":"https:\/\/agora.xtec.cat\/ceiplajota\/wp-json\/wp\/v2\/categories?post=7152"},{"taxonomy":"post_tag","embeddable":true,"href":"https:\/\/agora.xtec.cat\/ceiplajota\/wp-json\/wp\/v2\/tags?post=7152"}],"curies":[{"name":"wp","href":"https:\/\/api.w.org\/{rel}","templated":true}]}}