{"id":7126,"date":"2026-01-09T11:49:47","date_gmt":"2026-01-09T10:49:47","guid":{"rendered":"https:\/\/agora.xtec.cat\/ceiplajota\/?p=7126"},"modified":"2026-01-09T11:57:34","modified_gmt":"2026-01-09T10:57:34","slug":"els-reis-mags-2026","status":"publish","type":"post","link":"https:\/\/agora.xtec.cat\/ceiplajota\/general\/els-reis-mags-2026\/","title":{"rendered":"Els Reis Mags 2026"},"content":{"rendered":"<pre id=\"tw-target-text\" class=\"tw-data-text tw-text-large tw-ta\" dir=\"ltr\" tabindex=\"-1\" role=\"text\" data-placeholder=\"Traducci\u00f3\" data-ved=\"2ahUKEwjK57Szo_6RAxVoKvsDHaXEPcAQ3ewLegQICxAW\" aria-label=\"Text tradu\u00eft: Els Reis Mags han visitat la nostra escola, amb l'emoci\u00f3 del retorn a l'escola ens hem trobat que els Reis Mags tamb\u00e9 han passat per les nostres classes, joguines, contes, retoladors.... Pel que es veu ens hem portat molt b\u00e9, perqu\u00e8 han deixat molts regals, per\u00f2 el millor de tots... tornar amb els nostres companys.\"><span class=\"Y2IQFc\" lang=\"ca\"><strong>Els Reis Mags han visitat la nostra escola, amb l'emoci\u00f3 del retorn a l'escola ens hem trobat que els Reis Mags tamb\u00e9 han passat per les nostres classes,\r\njoguines, contes, retoladors....\r\nPel que es veu ens hem portat molt b\u00e9, perqu\u00e8 han deixat molts regals, per\u00f2 el millor de tots... tornar amb els nostres companys.<\/strong>\r\n\r\n<strong>Per poder veure les fotos cliqueu<\/strong> <a href=\"https:\/\/photos.app.goo.gl\/dhLUBM43mVCCyjwt5\">AQU\u00cd<\/a>.<a href=\"https:\/\/agora.xtec.cat\/ceiplajota\/wp-content\/uploads\/usu1571\/2026\/01\/6660f3e0-132d-42b0-b14f-68bfbd892385_16-9-discover-aspect-ratio_default_0.jpg\"><img loading=\"lazy\" decoding=\"async\" class=\"alignnone size-large wp-image-7120\" src=\"https:\/\/agora.xtec.cat\/ceiplajota\/wp-content\/uploads\/usu1571\/2026\/01\/6660f3e0-132d-42b0-b14f-68bfbd892385_16-9-discover-aspect-ratio_default_0-1024x576.jpg\" alt=\"\" width=\"1024\" height=\"576\" srcset=\"https:\/\/agora.xtec.cat\/ceiplajota\/wp-content\/uploads\/usu1571\/2026\/01\/6660f3e0-132d-42b0-b14f-68bfbd892385_16-9-discover-aspect-ratio_default_0-1024x576.jpg 1024w, https:\/\/agora.xtec.cat\/ceiplajota\/wp-content\/uploads\/usu1571\/2026\/01\/6660f3e0-132d-42b0-b14f-68bfbd892385_16-9-discover-aspect-ratio_default_0-300x169.jpg 300w, https:\/\/agora.xtec.cat\/ceiplajota\/wp-content\/uploads\/usu1571\/2026\/01\/6660f3e0-132d-42b0-b14f-68bfbd892385_16-9-discover-aspect-ratio_default_0-768x432.jpg 768w, https:\/\/agora.xtec.cat\/ceiplajota\/wp-content\/uploads\/usu1571\/2026\/01\/6660f3e0-132d-42b0-b14f-68bfbd892385_16-9-discover-aspect-ratio_default_0.jpg 1200w\" sizes=\"auto, (max-width: 1024px) 100vw, 1024px\" \/><\/a><\/span><\/pre>\n","protected":false},"excerpt":{"rendered":"<p>Els Reis Mags han visitat la nostra escola, amb l&#8217;emoci\u00f3 del retorn a l&#8217;escola ens hem trobat que els Reis Mags tamb\u00e9 han passat per les nostres classes,<br \/>\njoguines, contes, retoladors&#8230;.<br \/>\nPel que es veu ens hem portat molt b\u00e9, perqu\u00e8 han deixat molts regals, per\u00f2 el&hellip;  <a href=\"https:\/\/agora.xtec.cat\/ceiplajota\/general\/els-reis-mags-2026\/\" title=\"Read Els Reis Mags 2026\">Llegeix m\u00e9s\u00bb<\/a><\/p>\n","protected":false},"author":38,"featured_media":7120,"comment_status":"open","ping_status":"open","sticky":false,"template":"","format":"standard","meta":{"_bbp_topic_count":0,"_bbp_reply_count":0,"_bbp_total_topic_count":0,"_bbp_total_reply_count":0,"_bbp_voice_count":0,"_bbp_anonymous_reply_count":0,"_bbp_topic_count_hidden":0,"_bbp_reply_count_hidden":0,"_bbp_forum_subforum_count":0,"footnotes":""},"categories":[1],"tags":[],"class_list":["post-7126","post","type-post","status-publish","format-standard","has-post-thumbnail","hentry","category-general"],"post_mailing_queue_ids":[],"_links":{"self":[{"href":"https:\/\/agora.xtec.cat\/ceiplajota\/wp-json\/wp\/v2\/posts\/7126","targetHints":{"allow":["GET"]}}],"collection":[{"href":"https:\/\/agora.xtec.cat\/ceiplajota\/wp-json\/wp\/v2\/posts"}],"about":[{"href":"https:\/\/agora.xtec.cat\/ceiplajota\/wp-json\/wp\/v2\/types\/post"}],"author":[{"embeddable":true,"href":"https:\/\/agora.xtec.cat\/ceiplajota\/wp-json\/wp\/v2\/users\/38"}],"replies":[{"embeddable":true,"href":"https:\/\/agora.xtec.cat\/ceiplajota\/wp-json\/wp\/v2\/comments?post=7126"}],"version-history":[{"count":5,"href":"https:\/\/agora.xtec.cat\/ceiplajota\/wp-json\/wp\/v2\/posts\/7126\/revisions"}],"predecessor-version":[{"id":7131,"href":"https:\/\/agora.xtec.cat\/ceiplajota\/wp-json\/wp\/v2\/posts\/7126\/revisions\/7131"}],"wp:featuredmedia":[{"embeddable":true,"href":"https:\/\/agora.xtec.cat\/ceiplajota\/wp-json\/wp\/v2\/media\/7120"}],"wp:attachment":[{"href":"https:\/\/agora.xtec.cat\/ceiplajota\/wp-json\/wp\/v2\/media?parent=7126"}],"wp:term":[{"taxonomy":"category","embeddable":true,"href":"https:\/\/agora.xtec.cat\/ceiplajota\/wp-json\/wp\/v2\/categories?post=7126"},{"taxonomy":"post_tag","embeddable":true,"href":"https:\/\/agora.xtec.cat\/ceiplajota\/wp-json\/wp\/v2\/tags?post=7126"}],"curies":[{"name":"wp","href":"https:\/\/api.w.org\/{rel}","templated":true}]}}