{"id":7058,"date":"2025-11-26T20:50:34","date_gmt":"2025-11-26T19:50:34","guid":{"rendered":"https:\/\/agora.xtec.cat\/ceiplajota\/?p=7058"},"modified":"2025-11-26T20:53:34","modified_gmt":"2025-11-26T19:53:34","slug":"quart-de-primaria-lanna-manso-ens-visita","status":"publish","type":"post","link":"https:\/\/agora.xtec.cat\/ceiplajota\/general\/quart-de-primaria-lanna-manso-ens-visita\/","title":{"rendered":"Quart de prim\u00e0ria &#8211; L&#8217;ANNA MANSO ENS VISITA"},"content":{"rendered":"<p data-pm-slice=\"1 1 []\">Bon dia, fam\u00edlies de quart,<\/p>\n<p>El passat divendres, vam rebre la visita de l\u2019escriptora <a href=\"https:\/\/ca.wikipedia.org\/wiki\/Anna_Manso_Munn%C3%A9\" target=\"_blank\" rel=\"noopener\">Anna Manso<\/a> qui ja va venir fa dos cursos per ensenyar-nos la seva<strong>\u00a0\u201cCaixa d\u2019Eines\u201d<\/strong>.\u00a0L\u2019Anna \u00e9s una guionista i escriptora de literatura infantil i juvenil catalana, va n\u00e9ixer a Barcelona i ha publicat m\u00e9s de 50 llibres.<\/p>\n<p>Les nenes i nens de quart ens hav\u00edem preparat molt b\u00e9 per aquest dia i vam comen\u00e7ar a llegir un dels seus llibres: <strong>\u201cLa Rita Fredolica\u201d<\/strong>.\u00a0La Rita i el seu avi viuen a la ciutat m\u00e9s freda del m\u00f3n i aix\u00f2 els \u00e9s un problema perqu\u00e8 s\u00f3n molt fredolics. Quan s\u2019assabenten que el Gran Fred arribar\u00e0 a la ciutat, no es queden de bra\u00e7os plegats. Per\u00f2 hauran de rec\u00f3rrer a la m\u00e0gia per fer realitat els seus desitjos.<\/p>\n<p>Des del centre, es continua fomentant la lectura com un dels pilars de la nostra educaci\u00f3 i cada nen i cada nena de quart s&#8217;ha pogut emportar un llibre de la Rita Fredolica com a record d&#8217;aquesta activitat tan interessant i enriquidora.<\/p>\n<p>Moltes gr\u00e0cies, Anna per compartir amb nosaltres la teva experi\u00e8ncia i per signar-nos els llibres. Ens ha fet molta il\u00b7lusi\u00f3!<\/p>\n<p>Si voleu veure fotografies d&#8217;aquest moment, cliqueu l&#8217;enlla\u00e7<\/p>\n<h5><a href=\"https:\/\/photos.app.goo.gl\/ZBDn1uzzhC6qGVP76\">A QUART LLEGIM<\/a><\/h5>\n","protected":false},"excerpt":{"rendered":"<p>Bon dia, fam\u00edlies de quart,<br \/>\nEl passat divendres, vam rebre la visita de l\u2019escriptora <a href=\"https:\/\/ca.wikipedia.org\/wiki\/Anna_Manso_Munn%C3%A9\" target=\"_blank\" rel=\"noopener\">Anna Manso<\/a> qui ja va venir fa dos cursos per ensenyar-nos la seva\u00a0\u201cCaixa d\u2019Eines\u201d.\u00a0L\u2019Anna \u00e9s una guionista i escriptora de literatura infantil i juvenil catalana, va n\u00e9ixer a Barcelona&hellip;  <a href=\"https:\/\/agora.xtec.cat\/ceiplajota\/general\/quart-de-primaria-lanna-manso-ens-visita\/\" title=\"Read Quart de prim\u00e0ria &#8211; L&#8217;ANNA MANSO ENS VISITA\">Llegeix m\u00e9s\u00bb<\/a><\/p>\n","protected":false},"author":22,"featured_media":7059,"comment_status":"open","ping_status":"open","sticky":false,"template":"","format":"standard","meta":{"_bbp_topic_count":0,"_bbp_reply_count":0,"_bbp_total_topic_count":0,"_bbp_total_reply_count":0,"_bbp_voice_count":0,"_bbp_anonymous_reply_count":0,"_bbp_topic_count_hidden":0,"_bbp_reply_count_hidden":0,"_bbp_forum_subforum_count":0,"footnotes":""},"categories":[13,1],"tags":[],"class_list":["post-7058","post","type-post","status-publish","format-standard","has-post-thumbnail","hentry","category-4t","category-general"],"post_mailing_queue_ids":[],"_links":{"self":[{"href":"https:\/\/agora.xtec.cat\/ceiplajota\/wp-json\/wp\/v2\/posts\/7058","targetHints":{"allow":["GET"]}}],"collection":[{"href":"https:\/\/agora.xtec.cat\/ceiplajota\/wp-json\/wp\/v2\/posts"}],"about":[{"href":"https:\/\/agora.xtec.cat\/ceiplajota\/wp-json\/wp\/v2\/types\/post"}],"author":[{"embeddable":true,"href":"https:\/\/agora.xtec.cat\/ceiplajota\/wp-json\/wp\/v2\/users\/22"}],"replies":[{"embeddable":true,"href":"https:\/\/agora.xtec.cat\/ceiplajota\/wp-json\/wp\/v2\/comments?post=7058"}],"version-history":[{"count":5,"href":"https:\/\/agora.xtec.cat\/ceiplajota\/wp-json\/wp\/v2\/posts\/7058\/revisions"}],"predecessor-version":[{"id":7065,"href":"https:\/\/agora.xtec.cat\/ceiplajota\/wp-json\/wp\/v2\/posts\/7058\/revisions\/7065"}],"wp:featuredmedia":[{"embeddable":true,"href":"https:\/\/agora.xtec.cat\/ceiplajota\/wp-json\/wp\/v2\/media\/7059"}],"wp:attachment":[{"href":"https:\/\/agora.xtec.cat\/ceiplajota\/wp-json\/wp\/v2\/media?parent=7058"}],"wp:term":[{"taxonomy":"category","embeddable":true,"href":"https:\/\/agora.xtec.cat\/ceiplajota\/wp-json\/wp\/v2\/categories?post=7058"},{"taxonomy":"post_tag","embeddable":true,"href":"https:\/\/agora.xtec.cat\/ceiplajota\/wp-json\/wp\/v2\/tags?post=7058"}],"curies":[{"name":"wp","href":"https:\/\/api.w.org\/{rel}","templated":true}]}}