{"id":7040,"date":"2025-10-10T15:15:06","date_gmt":"2025-10-10T13:15:06","guid":{"rendered":"https:\/\/agora.xtec.cat\/ceiplajota\/?p=7040"},"modified":"2025-10-10T15:10:00","modified_gmt":"2025-10-10T13:10:00","slug":"2n-de-primaria-camina-descalc","status":"publish","type":"post","link":"https:\/\/agora.xtec.cat\/ceiplajota\/primaria\/2n-de-primaria-camina-descalc\/","title":{"rendered":"2n de prim\u00e0ria: Camina descal\u00e7"},"content":{"rendered":"<p data-pm-slice=\"1 1 []\"><a href=\"https:\/\/agora.xtec.cat\/ceiplajota\/wp-content\/uploads\/usu1571\/2025\/10\/a.jpg\"><img loading=\"lazy\" decoding=\"async\" class=\"wp-image-7041 aligncenter\" src=\"https:\/\/agora.xtec.cat\/ceiplajota\/wp-content\/uploads\/usu1571\/2025\/10\/a-1024x576.jpg\" alt=\"\" width=\"457\" height=\"257\" srcset=\"https:\/\/agora.xtec.cat\/ceiplajota\/wp-content\/uploads\/usu1571\/2025\/10\/a-1024x576.jpg 1024w, https:\/\/agora.xtec.cat\/ceiplajota\/wp-content\/uploads\/usu1571\/2025\/10\/a-300x169.jpg 300w, https:\/\/agora.xtec.cat\/ceiplajota\/wp-content\/uploads\/usu1571\/2025\/10\/a-768x432.jpg 768w, https:\/\/agora.xtec.cat\/ceiplajota\/wp-content\/uploads\/usu1571\/2025\/10\/a-1536x864.jpg 1536w, https:\/\/agora.xtec.cat\/ceiplajota\/wp-content\/uploads\/usu1571\/2025\/10\/a.jpg 1920w\" sizes=\"auto, (max-width: 457px) 100vw, 457px\" \/><\/a><\/p>\n<p data-pm-slice=\"1 1 []\">Aquesta setmana, els nens i nenes de segon de prim\u00e0ria han anat d\u2019excursi\u00f3 a La Selva de l\u2019Aventura, on han participat en l\u2019activitat <em data-start=\"286\" data-end=\"302\">Camina descal\u00e7<\/em>.<\/p>\n<p data-pm-slice=\"1 1 []\">Aquesta proposta consisteix a fer un recorregut enmig de la natura en qu\u00e8 intervenen gaireb\u00e9 tots els sentits: el tacte, l\u2019olfacte, la vista i l\u2019o\u00efda. El m\u00e9s curi\u00f3s i especial \u00e9s que els infants realitzen el recorregut descal\u00e7os, percebent directament amb el seu cos les diferents textures del cam\u00ed.<br \/>\nS\u2019ho han passat d\u2019all\u00f2 m\u00e9s b\u00e9!<\/p>\n<p data-pm-slice=\"1 1 []\"><a href=\"https:\/\/photos.app.goo.gl\/qisv2k7FiAVLaLAt7\">Fotos!!<\/a><\/p>\n","protected":false},"excerpt":{"rendered":"<p><a href=\"https:\/\/agora.xtec.cat\/ceiplajota\/wp-content\/uploads\/usu1571\/2025\/10\/a.jpg\"><\/a><br \/>\nAquesta setmana, els nens i nenes de segon de prim\u00e0ria han anat d\u2019excursi\u00f3 a La Selva de l\u2019Aventura, on han participat en l\u2019activitat Camina descal\u00e7.<br \/>\nAquesta proposta consisteix a fer un recorregut enmig de la natura en qu\u00e8 intervenen gaireb\u00e9 tots els sentits: el tacte,&hellip;  <a href=\"https:\/\/agora.xtec.cat\/ceiplajota\/primaria\/2n-de-primaria-camina-descalc\/\" title=\"Read 2n de prim\u00e0ria: Camina descal\u00e7\">Llegeix m\u00e9s\u00bb<\/a><\/p>\n","protected":false},"author":34,"featured_media":7041,"comment_status":"open","ping_status":"closed","sticky":false,"template":"","format":"standard","meta":{"_bbp_topic_count":0,"_bbp_reply_count":0,"_bbp_total_topic_count":0,"_bbp_total_reply_count":0,"_bbp_voice_count":0,"_bbp_anonymous_reply_count":0,"_bbp_topic_count_hidden":0,"_bbp_reply_count_hidden":0,"_bbp_forum_subforum_count":0,"footnotes":""},"categories":[11,5],"tags":[],"class_list":["post-7040","post","type-post","status-publish","format-standard","has-post-thumbnail","hentry","category-2n","category-primaria"],"post_mailing_queue_ids":[],"_links":{"self":[{"href":"https:\/\/agora.xtec.cat\/ceiplajota\/wp-json\/wp\/v2\/posts\/7040","targetHints":{"allow":["GET"]}}],"collection":[{"href":"https:\/\/agora.xtec.cat\/ceiplajota\/wp-json\/wp\/v2\/posts"}],"about":[{"href":"https:\/\/agora.xtec.cat\/ceiplajota\/wp-json\/wp\/v2\/types\/post"}],"author":[{"embeddable":true,"href":"https:\/\/agora.xtec.cat\/ceiplajota\/wp-json\/wp\/v2\/users\/34"}],"replies":[{"embeddable":true,"href":"https:\/\/agora.xtec.cat\/ceiplajota\/wp-json\/wp\/v2\/comments?post=7040"}],"version-history":[{"count":2,"href":"https:\/\/agora.xtec.cat\/ceiplajota\/wp-json\/wp\/v2\/posts\/7040\/revisions"}],"predecessor-version":[{"id":7044,"href":"https:\/\/agora.xtec.cat\/ceiplajota\/wp-json\/wp\/v2\/posts\/7040\/revisions\/7044"}],"wp:featuredmedia":[{"embeddable":true,"href":"https:\/\/agora.xtec.cat\/ceiplajota\/wp-json\/wp\/v2\/media\/7041"}],"wp:attachment":[{"href":"https:\/\/agora.xtec.cat\/ceiplajota\/wp-json\/wp\/v2\/media?parent=7040"}],"wp:term":[{"taxonomy":"category","embeddable":true,"href":"https:\/\/agora.xtec.cat\/ceiplajota\/wp-json\/wp\/v2\/categories?post=7040"},{"taxonomy":"post_tag","embeddable":true,"href":"https:\/\/agora.xtec.cat\/ceiplajota\/wp-json\/wp\/v2\/tags?post=7040"}],"curies":[{"name":"wp","href":"https:\/\/api.w.org\/{rel}","templated":true}]}}