{"id":7026,"date":"2025-07-20T21:14:25","date_gmt":"2025-07-20T19:14:25","guid":{"rendered":"https:\/\/agora.xtec.cat\/ceiplajota\/?p=7026"},"modified":"2025-07-27T21:19:43","modified_gmt":"2025-07-27T19:19:43","slug":"reunions-dinici-de-curs-setembre-2025","status":"publish","type":"post","link":"https:\/\/agora.xtec.cat\/ceiplajota\/general\/reunions-dinici-de-curs-setembre-2025\/","title":{"rendered":"Reunions d&#8217;inici de curs. Setembre 2025"},"content":{"rendered":"<p>Aqu\u00ed trobareu les dates i hores de les reunions d&#8217;inici de curs 25-26.<\/p>\n<p>Les fam\u00edlies de l&#8217;alumnat del centre n&#8217;esteu informades , us ho vam enviar als grups de difusi\u00f3; al setembre ho recordarem.<\/p>\n<p>En aquestes reunions parlarem de la normativa del centre, del servei d&#8217;acollida del mat\u00ed i de menjador, de l&#8217;AFA i les activitats que organitzen al llarg del curs, de les tasques curriculars a cada classe, de sortides i col\u00f2nies,&#8230; Tot per aconseguir que les fam\u00edlies tingueu la m\u00e0xima informaci\u00f3 de les classes.<\/p>\n<p>&nbsp;<\/p>\n<p><a href=\"https:\/\/agora.xtec.cat\/ceiplajota\/wp-content\/uploads\/usu1571\/2025\/07\/Reunions-1.png\"><img loading=\"lazy\" decoding=\"async\" class=\"aligncenter size-full wp-image-7029\" src=\"https:\/\/agora.xtec.cat\/ceiplajota\/wp-content\/uploads\/usu1571\/2025\/07\/Reunions-1.png\" alt=\"\" width=\"702\" height=\"565\" srcset=\"https:\/\/agora.xtec.cat\/ceiplajota\/wp-content\/uploads\/usu1571\/2025\/07\/Reunions-1.png 702w, https:\/\/agora.xtec.cat\/ceiplajota\/wp-content\/uploads\/usu1571\/2025\/07\/Reunions-1-300x241.png 300w\" sizes=\"auto, (max-width: 702px) 100vw, 702px\" \/><\/a><a href=\"https:\/\/agora.xtec.cat\/ceiplajota\/wp-content\/uploads\/usu1571\/2025\/07\/Reunions-2.png\"><img loading=\"lazy\" decoding=\"async\" class=\"aligncenter size-full wp-image-7030\" src=\"https:\/\/agora.xtec.cat\/ceiplajota\/wp-content\/uploads\/usu1571\/2025\/07\/Reunions-2.png\" alt=\"\" width=\"723\" height=\"556\" srcset=\"https:\/\/agora.xtec.cat\/ceiplajota\/wp-content\/uploads\/usu1571\/2025\/07\/Reunions-2.png 723w, https:\/\/agora.xtec.cat\/ceiplajota\/wp-content\/uploads\/usu1571\/2025\/07\/Reunions-2-300x231.png 300w\" sizes=\"auto, (max-width: 723px) 100vw, 723px\" \/><\/a><\/p>\n","protected":false},"excerpt":{"rendered":"<p>Aqu\u00ed trobareu les dates i hores de les reunions d&#8217;inici de curs 25-26.<br \/>\nLes fam\u00edlies de l&#8217;alumnat del centre n&#8217;esteu informades , us ho vam enviar als grups de difusi\u00f3; al setembre ho recordarem.<br \/>\nEn aquestes reunions parlarem de la normativa del centre, del servei d&#8217;acollida del&hellip;  <a href=\"https:\/\/agora.xtec.cat\/ceiplajota\/general\/reunions-dinici-de-curs-setembre-2025\/\" title=\"Read Reunions d&#8217;inici de curs. Setembre 2025\">Llegeix m\u00e9s\u00bb<\/a><\/p>\n","protected":false},"author":1,"featured_media":7027,"comment_status":"open","ping_status":"open","sticky":false,"template":"","format":"standard","meta":{"_bbp_topic_count":0,"_bbp_reply_count":0,"_bbp_total_topic_count":0,"_bbp_total_reply_count":0,"_bbp_voice_count":0,"_bbp_anonymous_reply_count":0,"_bbp_topic_count_hidden":0,"_bbp_reply_count_hidden":0,"_bbp_forum_subforum_count":0,"footnotes":""},"categories":[1],"tags":[],"class_list":["post-7026","post","type-post","status-publish","format-standard","has-post-thumbnail","hentry","category-general"],"post_mailing_queue_ids":[],"_links":{"self":[{"href":"https:\/\/agora.xtec.cat\/ceiplajota\/wp-json\/wp\/v2\/posts\/7026","targetHints":{"allow":["GET"]}}],"collection":[{"href":"https:\/\/agora.xtec.cat\/ceiplajota\/wp-json\/wp\/v2\/posts"}],"about":[{"href":"https:\/\/agora.xtec.cat\/ceiplajota\/wp-json\/wp\/v2\/types\/post"}],"author":[{"embeddable":true,"href":"https:\/\/agora.xtec.cat\/ceiplajota\/wp-json\/wp\/v2\/users\/1"}],"replies":[{"embeddable":true,"href":"https:\/\/agora.xtec.cat\/ceiplajota\/wp-json\/wp\/v2\/comments?post=7026"}],"version-history":[{"count":2,"href":"https:\/\/agora.xtec.cat\/ceiplajota\/wp-json\/wp\/v2\/posts\/7026\/revisions"}],"predecessor-version":[{"id":7031,"href":"https:\/\/agora.xtec.cat\/ceiplajota\/wp-json\/wp\/v2\/posts\/7026\/revisions\/7031"}],"wp:featuredmedia":[{"embeddable":true,"href":"https:\/\/agora.xtec.cat\/ceiplajota\/wp-json\/wp\/v2\/media\/7027"}],"wp:attachment":[{"href":"https:\/\/agora.xtec.cat\/ceiplajota\/wp-json\/wp\/v2\/media?parent=7026"}],"wp:term":[{"taxonomy":"category","embeddable":true,"href":"https:\/\/agora.xtec.cat\/ceiplajota\/wp-json\/wp\/v2\/categories?post=7026"},{"taxonomy":"post_tag","embeddable":true,"href":"https:\/\/agora.xtec.cat\/ceiplajota\/wp-json\/wp\/v2\/tags?post=7026"}],"curies":[{"name":"wp","href":"https:\/\/api.w.org\/{rel}","templated":true}]}}