{"id":6994,"date":"2025-06-29T11:26:20","date_gmt":"2025-06-29T09:26:20","guid":{"rendered":"https:\/\/agora.xtec.cat\/ceiplajota\/?p=6994"},"modified":"2025-06-29T11:26:20","modified_gmt":"2025-06-29T09:26:20","slug":"projecte-hort-2024-2025","status":"publish","type":"post","link":"https:\/\/agora.xtec.cat\/ceiplajota\/general\/projecte-hort-2024-2025\/","title":{"rendered":"Projecte HORT 2024\/2025"},"content":{"rendered":"<h1>El projecte Hort<\/h1>\n<p>Un curs m\u00e9s l&#8217;alumant de quart s&#8217;ha fet c\u00e0rrec del nostre hort escolar.\u00a0 Aix\u00f2 ha implicat tota una feinada d&#8217;indagaci\u00f3 cient\u00edfica de qu\u00e8 haur\u00edem de plantar per cada estaci\u00f3 de l&#8217;any, planificar com plantar-ho i finalment acompanyar a l&#8217;alumnat d&#8217;I3, I4, I5, 1r, 2n i 3r per tal d&#8217;ensenyar-los a cuidar l&#8217;hort. L&#8217;experi\u00e8ncia ha estat valorada per l&#8217;alumnat com a molt interessant i profitosa i els ha fet aprendre moltes coses sobre la natura d&#8217;una manera pr\u00e0ctica i motivadora.\u00a0 <a href=\"https:\/\/agora.xtec.cat\/ceiplajota\/wp-content\/uploads\/usu1571\/2025\/06\/20250114_122722-min-scaled.jpg\"><img loading=\"lazy\" decoding=\"async\" class=\"size-medium wp-image-6999 alignleft\" src=\"https:\/\/agora.xtec.cat\/ceiplajota\/wp-content\/uploads\/usu1571\/2025\/06\/20250114_122722-min-300x169.jpg\" alt=\"\" width=\"300\" height=\"169\" srcset=\"https:\/\/agora.xtec.cat\/ceiplajota\/wp-content\/uploads\/usu1571\/2025\/06\/20250114_122722-min-300x169.jpg 300w, https:\/\/agora.xtec.cat\/ceiplajota\/wp-content\/uploads\/usu1571\/2025\/06\/20250114_122722-min-1024x576.jpg 1024w, https:\/\/agora.xtec.cat\/ceiplajota\/wp-content\/uploads\/usu1571\/2025\/06\/20250114_122722-min-768x432.jpg 768w, https:\/\/agora.xtec.cat\/ceiplajota\/wp-content\/uploads\/usu1571\/2025\/06\/20250114_122722-min-1536x864.jpg 1536w, https:\/\/agora.xtec.cat\/ceiplajota\/wp-content\/uploads\/usu1571\/2025\/06\/20250114_122722-min-2048x1152.jpg 2048w\" sizes=\"auto, (max-width: 300px) 100vw, 300px\" \/><\/a><\/p>\n<p>Si observeu atentament les fotos i v\u00eddeos que hem anat recollint durant tot el curs intuireu que l&#8217;alumnat m\u00e9s petit tamb\u00e9 s&#8217;ho ha passat d&#8217;all\u00f2 m\u00e9s b\u00e9 i han apr\u00e8s i gaudit amb l&#8217;acompanyament de les seves companyes i companys de quart.\u00a0 Nom\u00e9s queda que felicitar a totes les nenes i nens de quart per la seva feina i per la seva contribuci\u00f3 a un any m\u00e9s d&#8217;hort a l&#8217;escola.<\/p>\n<p>&nbsp;<\/p>\n<p><a href=\"https:\/\/agora.xtec.cat\/ceiplajota\/wp-content\/uploads\/usu1571\/2025\/06\/20241210_120700-min-scaled.jpg\"><img loading=\"lazy\" decoding=\"async\" class=\"alignnone size-medium wp-image-6998\" src=\"https:\/\/agora.xtec.cat\/ceiplajota\/wp-content\/uploads\/usu1571\/2025\/06\/20241210_120700-min-300x169.jpg\" alt=\"\" width=\"300\" height=\"169\" srcset=\"https:\/\/agora.xtec.cat\/ceiplajota\/wp-content\/uploads\/usu1571\/2025\/06\/20241210_120700-min-300x169.jpg 300w, https:\/\/agora.xtec.cat\/ceiplajota\/wp-content\/uploads\/usu1571\/2025\/06\/20241210_120700-min-1024x576.jpg 1024w, https:\/\/agora.xtec.cat\/ceiplajota\/wp-content\/uploads\/usu1571\/2025\/06\/20241210_120700-min-768x432.jpg 768w, https:\/\/agora.xtec.cat\/ceiplajota\/wp-content\/uploads\/usu1571\/2025\/06\/20241210_120700-min-1536x864.jpg 1536w, https:\/\/agora.xtec.cat\/ceiplajota\/wp-content\/uploads\/usu1571\/2025\/06\/20241210_120700-min-2048x1152.jpg 2048w\" sizes=\"auto, (max-width: 300px) 100vw, 300px\" \/><\/a> <a href=\"https:\/\/agora.xtec.cat\/ceiplajota\/wp-content\/uploads\/usu1571\/2025\/06\/20241210_120257-min-scaled.jpg\"><img loading=\"lazy\" decoding=\"async\" class=\"alignnone size-medium wp-image-6997\" src=\"https:\/\/agora.xtec.cat\/ceiplajota\/wp-content\/uploads\/usu1571\/2025\/06\/20241210_120257-min-300x169.jpg\" alt=\"\" width=\"300\" height=\"169\" srcset=\"https:\/\/agora.xtec.cat\/ceiplajota\/wp-content\/uploads\/usu1571\/2025\/06\/20241210_120257-min-300x169.jpg 300w, https:\/\/agora.xtec.cat\/ceiplajota\/wp-content\/uploads\/usu1571\/2025\/06\/20241210_120257-min-1024x576.jpg 1024w, https:\/\/agora.xtec.cat\/ceiplajota\/wp-content\/uploads\/usu1571\/2025\/06\/20241210_120257-min-768x432.jpg 768w, https:\/\/agora.xtec.cat\/ceiplajota\/wp-content\/uploads\/usu1571\/2025\/06\/20241210_120257-min-1536x864.jpg 1536w, https:\/\/agora.xtec.cat\/ceiplajota\/wp-content\/uploads\/usu1571\/2025\/06\/20241210_120257-min-2048x1152.jpg 2048w\" sizes=\"auto, (max-width: 300px) 100vw, 300px\" \/><\/a> <a href=\"https:\/\/agora.xtec.cat\/ceiplajota\/wp-content\/uploads\/usu1571\/2025\/06\/20241126_121713-min-scaled.jpg\"><img loading=\"lazy\" decoding=\"async\" class=\"alignnone size-medium wp-image-6996\" src=\"https:\/\/agora.xtec.cat\/ceiplajota\/wp-content\/uploads\/usu1571\/2025\/06\/20241126_121713-min-300x169.jpg\" alt=\"\" width=\"300\" height=\"169\" srcset=\"https:\/\/agora.xtec.cat\/ceiplajota\/wp-content\/uploads\/usu1571\/2025\/06\/20241126_121713-min-300x169.jpg 300w, https:\/\/agora.xtec.cat\/ceiplajota\/wp-content\/uploads\/usu1571\/2025\/06\/20241126_121713-min-1024x576.jpg 1024w, https:\/\/agora.xtec.cat\/ceiplajota\/wp-content\/uploads\/usu1571\/2025\/06\/20241126_121713-min-768x432.jpg 768w, https:\/\/agora.xtec.cat\/ceiplajota\/wp-content\/uploads\/usu1571\/2025\/06\/20241126_121713-min-1536x864.jpg 1536w, https:\/\/agora.xtec.cat\/ceiplajota\/wp-content\/uploads\/usu1571\/2025\/06\/20241126_121713-min-2048x1152.jpg 2048w\" sizes=\"auto, (max-width: 300px) 100vw, 300px\" \/><\/a> <a href=\"https:\/\/agora.xtec.cat\/ceiplajota\/wp-content\/uploads\/usu1571\/2025\/06\/20241126_120715-min-scaled.jpg\"><img loading=\"lazy\" decoding=\"async\" class=\"alignnone size-medium wp-image-6995\" src=\"https:\/\/agora.xtec.cat\/ceiplajota\/wp-content\/uploads\/usu1571\/2025\/06\/20241126_120715-min-300x169.jpg\" alt=\"\" width=\"300\" height=\"169\" srcset=\"https:\/\/agora.xtec.cat\/ceiplajota\/wp-content\/uploads\/usu1571\/2025\/06\/20241126_120715-min-300x169.jpg 300w, https:\/\/agora.xtec.cat\/ceiplajota\/wp-content\/uploads\/usu1571\/2025\/06\/20241126_120715-min-1024x576.jpg 1024w, https:\/\/agora.xtec.cat\/ceiplajota\/wp-content\/uploads\/usu1571\/2025\/06\/20241126_120715-min-768x432.jpg 768w, https:\/\/agora.xtec.cat\/ceiplajota\/wp-content\/uploads\/usu1571\/2025\/06\/20241126_120715-min-1536x864.jpg 1536w, https:\/\/agora.xtec.cat\/ceiplajota\/wp-content\/uploads\/usu1571\/2025\/06\/20241126_120715-min-2048x1152.jpg 2048w\" sizes=\"auto, (max-width: 300px) 100vw, 300px\" \/><\/a><\/p>\n<p>Aqu\u00ed us deixem totes les imatges d&#8217;aquest curs 2024\/2025:<\/p>\n<p><a href=\"https:\/\/photos.app.goo.gl\/w3q5Yr2uGotje11k7\" target=\"_blank\" rel=\"noopener\">Cliqueu aqu\u00ed per veure-les.<\/a><\/p>\n","protected":false},"excerpt":{"rendered":"<p>El projecte Hort<br \/>\nUn curs m\u00e9s l&#8217;alumant de quart s&#8217;ha fet c\u00e0rrec del nostre hort escolar.\u00a0 Aix\u00f2 ha implicat tota una feinada d&#8217;indagaci\u00f3 cient\u00edfica de qu\u00e8 haur\u00edem de plantar per cada estaci\u00f3 de l&#8217;any, planificar com plantar-ho i finalment acompanyar a l&#8217;alumnat d&#8217;I3, I4, I5, 1r,&hellip;  <a href=\"https:\/\/agora.xtec.cat\/ceiplajota\/general\/projecte-hort-2024-2025\/\" title=\"Read Projecte HORT 2024\/2025\">Llegeix m\u00e9s\u00bb<\/a><\/p>\n","protected":false},"author":12,"featured_media":7001,"comment_status":"open","ping_status":"open","sticky":false,"template":"","format":"standard","meta":{"_bbp_topic_count":0,"_bbp_reply_count":0,"_bbp_total_topic_count":0,"_bbp_total_reply_count":0,"_bbp_voice_count":0,"_bbp_anonymous_reply_count":0,"_bbp_topic_count_hidden":0,"_bbp_reply_count_hidden":0,"_bbp_forum_subforum_count":0,"footnotes":""},"categories":[10,11,12,13,1,2],"tags":[],"class_list":["post-6994","post","type-post","status-publish","format-standard","has-post-thumbnail","hentry","category-1r","category-2n","category-3r","category-4t","category-general","category-infantil"],"post_mailing_queue_ids":[],"_links":{"self":[{"href":"https:\/\/agora.xtec.cat\/ceiplajota\/wp-json\/wp\/v2\/posts\/6994","targetHints":{"allow":["GET"]}}],"collection":[{"href":"https:\/\/agora.xtec.cat\/ceiplajota\/wp-json\/wp\/v2\/posts"}],"about":[{"href":"https:\/\/agora.xtec.cat\/ceiplajota\/wp-json\/wp\/v2\/types\/post"}],"author":[{"embeddable":true,"href":"https:\/\/agora.xtec.cat\/ceiplajota\/wp-json\/wp\/v2\/users\/12"}],"replies":[{"embeddable":true,"href":"https:\/\/agora.xtec.cat\/ceiplajota\/wp-json\/wp\/v2\/comments?post=6994"}],"version-history":[{"count":1,"href":"https:\/\/agora.xtec.cat\/ceiplajota\/wp-json\/wp\/v2\/posts\/6994\/revisions"}],"predecessor-version":[{"id":7002,"href":"https:\/\/agora.xtec.cat\/ceiplajota\/wp-json\/wp\/v2\/posts\/6994\/revisions\/7002"}],"wp:featuredmedia":[{"embeddable":true,"href":"https:\/\/agora.xtec.cat\/ceiplajota\/wp-json\/wp\/v2\/media\/7001"}],"wp:attachment":[{"href":"https:\/\/agora.xtec.cat\/ceiplajota\/wp-json\/wp\/v2\/media?parent=6994"}],"wp:term":[{"taxonomy":"category","embeddable":true,"href":"https:\/\/agora.xtec.cat\/ceiplajota\/wp-json\/wp\/v2\/categories?post=6994"},{"taxonomy":"post_tag","embeddable":true,"href":"https:\/\/agora.xtec.cat\/ceiplajota\/wp-json\/wp\/v2\/tags?post=6994"}],"curies":[{"name":"wp","href":"https:\/\/api.w.org\/{rel}","templated":true}]}}