{"id":6940,"date":"2025-06-11T22:36:37","date_gmt":"2025-06-11T20:36:37","guid":{"rendered":"https:\/\/agora.xtec.cat\/ceiplajota\/?p=6940"},"modified":"2025-06-11T22:36:57","modified_gmt":"2025-06-11T20:36:57","slug":"teatre-50-aniversari-badia","status":"publish","type":"post","link":"https:\/\/agora.xtec.cat\/ceiplajota\/general\/teatre-50-aniversari-badia\/","title":{"rendered":"TEATRE ANIVERSARI BADIA DEL VALL\u00c8S"},"content":{"rendered":"<p data-start=\"216\" data-end=\"439\">Ahir dimarts, l\u2019alumnat de cicle superior va tenir l\u2019oportunitat de gaudir d\u2019una activitat molt especial: una representaci\u00f3 teatral organitzada per l\u2019Ajuntament de Badia del Vall\u00e8s amb motiu del 50\u00e8 aniversari del municipi.<\/p>\n<p data-start=\"441\" data-end=\"799\">L\u2019obra, plantejada des d\u2019un punt de vista divertit i alhora did\u00e0ctic, ens va fer viatjar per la hist\u00f2ria de Badia, tot descobrint moments claus i an\u00e8cdotes de la seva evoluci\u00f3. Els infants van poder aprendre d\u2019una manera amena i propera com va n\u00e9ixer i com ha crescut la nostra ciutat, tot posant en valor la mem\u00f2ria col\u00b7lectiva i el sentiment de pertinen\u00e7a.<\/p>\n<p data-start=\"801\" data-end=\"1050\">Va ser una experi\u00e8ncia enriquidora que va despertar l\u2019inter\u00e8s dels alumnes i que ens va permetre apropar-nos, des de les arts esc\u00e8niques, al nostre entorn m\u00e9s proper. Des de l\u2019escola agra\u00efm aquesta iniciativa que uneix cultura, educaci\u00f3 i comunitat.<\/p>\n<p data-start=\"801\" data-end=\"1050\"><a href=\"https:\/\/photos.app.goo.gl\/cuSEFJFfps18CsyQA\" target=\"_blank\" rel=\"noopener\">AQUI US DEIXEM ALGUNES FOTOS<\/a><\/p>\n","protected":false},"excerpt":{"rendered":"<p>Ahir dimarts, l\u2019alumnat de cicle superior va tenir l\u2019oportunitat de gaudir d\u2019una activitat molt especial: una representaci\u00f3 teatral organitzada per l\u2019Ajuntament de Badia del Vall\u00e8s amb motiu del 50\u00e8 aniversari del municipi.<br \/>\nL\u2019obra, plantejada des d\u2019un punt de vista divertit i alhora did\u00e0ctic, ens va fer&hellip;  <a href=\"https:\/\/agora.xtec.cat\/ceiplajota\/general\/teatre-50-aniversari-badia\/\" title=\"Read TEATRE ANIVERSARI BADIA DEL VALL\u00c8S\">Llegeix m\u00e9s\u00bb<\/a><\/p>\n","protected":false},"author":3,"featured_media":6941,"comment_status":"open","ping_status":"open","sticky":false,"template":"","format":"standard","meta":{"_bbp_topic_count":0,"_bbp_reply_count":0,"_bbp_total_topic_count":0,"_bbp_total_reply_count":0,"_bbp_voice_count":0,"_bbp_anonymous_reply_count":0,"_bbp_topic_count_hidden":0,"_bbp_reply_count_hidden":0,"_bbp_forum_subforum_count":0,"footnotes":""},"categories":[14,15,1,5],"tags":[],"class_list":["post-6940","post","type-post","status-publish","format-standard","has-post-thumbnail","hentry","category-5e","category-6e","category-general","category-primaria"],"post_mailing_queue_ids":[],"_links":{"self":[{"href":"https:\/\/agora.xtec.cat\/ceiplajota\/wp-json\/wp\/v2\/posts\/6940","targetHints":{"allow":["GET"]}}],"collection":[{"href":"https:\/\/agora.xtec.cat\/ceiplajota\/wp-json\/wp\/v2\/posts"}],"about":[{"href":"https:\/\/agora.xtec.cat\/ceiplajota\/wp-json\/wp\/v2\/types\/post"}],"author":[{"embeddable":true,"href":"https:\/\/agora.xtec.cat\/ceiplajota\/wp-json\/wp\/v2\/users\/3"}],"replies":[{"embeddable":true,"href":"https:\/\/agora.xtec.cat\/ceiplajota\/wp-json\/wp\/v2\/comments?post=6940"}],"version-history":[{"count":2,"href":"https:\/\/agora.xtec.cat\/ceiplajota\/wp-json\/wp\/v2\/posts\/6940\/revisions"}],"predecessor-version":[{"id":6943,"href":"https:\/\/agora.xtec.cat\/ceiplajota\/wp-json\/wp\/v2\/posts\/6940\/revisions\/6943"}],"wp:featuredmedia":[{"embeddable":true,"href":"https:\/\/agora.xtec.cat\/ceiplajota\/wp-json\/wp\/v2\/media\/6941"}],"wp:attachment":[{"href":"https:\/\/agora.xtec.cat\/ceiplajota\/wp-json\/wp\/v2\/media?parent=6940"}],"wp:term":[{"taxonomy":"category","embeddable":true,"href":"https:\/\/agora.xtec.cat\/ceiplajota\/wp-json\/wp\/v2\/categories?post=6940"},{"taxonomy":"post_tag","embeddable":true,"href":"https:\/\/agora.xtec.cat\/ceiplajota\/wp-json\/wp\/v2\/tags?post=6940"}],"curies":[{"name":"wp","href":"https:\/\/api.w.org\/{rel}","templated":true}]}}