{"id":6937,"date":"2025-06-11T22:28:52","date_gmt":"2025-06-11T20:28:52","guid":{"rendered":"https:\/\/agora.xtec.cat\/ceiplajota\/?p=6937"},"modified":"2025-06-11T22:28:52","modified_gmt":"2025-06-11T20:28:52","slug":"jornades-esportives-6e","status":"publish","type":"post","link":"https:\/\/agora.xtec.cat\/ceiplajota\/general\/jornades-esportives-6e\/","title":{"rendered":"JORNADES ESPORTIVES 6\u00e8"},"content":{"rendered":"<p data-start=\"259\" data-end=\"530\">La setmana passada, l\u2019alumnat de sis\u00e8 de la nostra escola va participar en les Jornades Esportives de Badia-Barber\u00e0, una trobada molt esperada que reuneix alumnes de diferents escoles per gaudir plegats d\u2019un dia ple d\u2019activitat f\u00edsica, conviv\u00e8ncia i valors.<\/p>\n<p data-start=\"532\" data-end=\"890\">Al llarg de la jornada, els nois i noies van poder practicar diversos esports i jocs cooperatius en un ambient l\u00fadic i saludable, fomentant el respecte i el treball en equip. M\u00e9s enll\u00e0 de l\u2019esport, va ser una experi\u00e8ncia enriquidora que va permetre als infants relacionar-se amb alumnes d\u2019altres centres i compartir una jornada molt especial.<\/p>\n<p data-start=\"892\" data-end=\"1219\">Tots i totes van tornar amb somriures, bons records i moltes ganes de repetir. Des de l\u2019escola, valorem molt positivament aquestes iniciatives que promouen l\u2019educaci\u00f3 en valors a trav\u00e9s de l\u2019activitat f\u00edsica. Felicitem a tot l\u2019alumnat per la seva actitud exemplar i agra\u00efm a l\u2019organitzaci\u00f3 l\u2019esfor\u00e7 per fer possible aquest dia.<\/p>\n<p data-start=\"892\" data-end=\"1219\"><a href=\"https:\/\/photos.app.goo.gl\/YBSv2zLVL1AKDo5v9\" target=\"_blank\" rel=\"noopener\">AQU\u00cd US DEIXEM UN PETIT RECULL DE FOTOS<\/a><\/p>\n","protected":false},"excerpt":{"rendered":"<p>La setmana passada, l\u2019alumnat de sis\u00e8 de la nostra escola va participar en les Jornades Esportives de Badia-Barber\u00e0, una trobada molt esperada que reuneix alumnes de diferents escoles per gaudir plegats d\u2019un dia ple d\u2019activitat f\u00edsica, conviv\u00e8ncia i valors.<br \/>\nAl llarg de la jornada, els nois&hellip;  <a href=\"https:\/\/agora.xtec.cat\/ceiplajota\/general\/jornades-esportives-6e\/\" title=\"Read JORNADES ESPORTIVES 6\u00e8\">Llegeix m\u00e9s\u00bb<\/a><\/p>\n","protected":false},"author":3,"featured_media":6938,"comment_status":"open","ping_status":"open","sticky":false,"template":"","format":"standard","meta":{"_bbp_topic_count":0,"_bbp_reply_count":0,"_bbp_total_topic_count":0,"_bbp_total_reply_count":0,"_bbp_voice_count":0,"_bbp_anonymous_reply_count":0,"_bbp_topic_count_hidden":0,"_bbp_reply_count_hidden":0,"_bbp_forum_subforum_count":0,"footnotes":""},"categories":[15,1,5],"tags":[],"class_list":["post-6937","post","type-post","status-publish","format-standard","has-post-thumbnail","hentry","category-6e","category-general","category-primaria"],"post_mailing_queue_ids":[],"_links":{"self":[{"href":"https:\/\/agora.xtec.cat\/ceiplajota\/wp-json\/wp\/v2\/posts\/6937","targetHints":{"allow":["GET"]}}],"collection":[{"href":"https:\/\/agora.xtec.cat\/ceiplajota\/wp-json\/wp\/v2\/posts"}],"about":[{"href":"https:\/\/agora.xtec.cat\/ceiplajota\/wp-json\/wp\/v2\/types\/post"}],"author":[{"embeddable":true,"href":"https:\/\/agora.xtec.cat\/ceiplajota\/wp-json\/wp\/v2\/users\/3"}],"replies":[{"embeddable":true,"href":"https:\/\/agora.xtec.cat\/ceiplajota\/wp-json\/wp\/v2\/comments?post=6937"}],"version-history":[{"count":1,"href":"https:\/\/agora.xtec.cat\/ceiplajota\/wp-json\/wp\/v2\/posts\/6937\/revisions"}],"predecessor-version":[{"id":6939,"href":"https:\/\/agora.xtec.cat\/ceiplajota\/wp-json\/wp\/v2\/posts\/6937\/revisions\/6939"}],"wp:featuredmedia":[{"embeddable":true,"href":"https:\/\/agora.xtec.cat\/ceiplajota\/wp-json\/wp\/v2\/media\/6938"}],"wp:attachment":[{"href":"https:\/\/agora.xtec.cat\/ceiplajota\/wp-json\/wp\/v2\/media?parent=6937"}],"wp:term":[{"taxonomy":"category","embeddable":true,"href":"https:\/\/agora.xtec.cat\/ceiplajota\/wp-json\/wp\/v2\/categories?post=6937"},{"taxonomy":"post_tag","embeddable":true,"href":"https:\/\/agora.xtec.cat\/ceiplajota\/wp-json\/wp\/v2\/tags?post=6937"}],"curies":[{"name":"wp","href":"https:\/\/api.w.org\/{rel}","templated":true}]}}