{"id":6921,"date":"2025-05-30T16:22:12","date_gmt":"2025-05-30T14:22:12","guid":{"rendered":"https:\/\/agora.xtec.cat\/ceiplajota\/?p=6921"},"modified":"2025-05-30T16:22:12","modified_gmt":"2025-05-30T14:22:12","slug":"com-protegir-se-del-sol","status":"publish","type":"post","link":"https:\/\/agora.xtec.cat\/ceiplajota\/general\/com-protegir-se-del-sol\/","title":{"rendered":"Com protegir-se del sol&#8230;"},"content":{"rendered":"<p data-pm-slice=\"1 1 []\">Els nens\/ nenes de segon de prim\u00e0ria han realitzat un taller per aprendre a protegir-se del sol. Han representat una escena de com arriben els raigs solars i com poder evitar-los, els han ensenyat eines per protegir-se del sol i com actuen en les diferents cremes solars mirant el n\u00famero del FSP. S&#8217;han fet un bra\u00e7alet que indica si han passat molt de temps al sol i a m\u00e9s els han regalat una gorra com a complement. Ha estat un taller molt divertit i \u00fatil.<\/p>\n","protected":false},"excerpt":{"rendered":"<p>Els nens\/ nenes de segon de prim\u00e0ria han realitzat un taller per aprendre a protegir-se del sol. Han representat una escena de com arriben els raigs solars i com poder evitar-los, els han ensenyat eines per protegir-se del sol i com actuen en les diferents&hellip;  <a href=\"https:\/\/agora.xtec.cat\/ceiplajota\/general\/com-protegir-se-del-sol\/\" title=\"Read Com protegir-se del sol&#8230;\">Llegeix m\u00e9s\u00bb<\/a><\/p>\n","protected":false},"author":34,"featured_media":6922,"comment_status":"open","ping_status":"closed","sticky":false,"template":"","format":"standard","meta":{"_bbp_topic_count":0,"_bbp_reply_count":0,"_bbp_total_topic_count":0,"_bbp_total_reply_count":0,"_bbp_voice_count":0,"_bbp_anonymous_reply_count":0,"_bbp_topic_count_hidden":0,"_bbp_reply_count_hidden":0,"_bbp_forum_subforum_count":0,"footnotes":""},"categories":[1],"tags":[],"class_list":["post-6921","post","type-post","status-publish","format-standard","has-post-thumbnail","hentry","category-general"],"post_mailing_queue_ids":[],"_links":{"self":[{"href":"https:\/\/agora.xtec.cat\/ceiplajota\/wp-json\/wp\/v2\/posts\/6921","targetHints":{"allow":["GET"]}}],"collection":[{"href":"https:\/\/agora.xtec.cat\/ceiplajota\/wp-json\/wp\/v2\/posts"}],"about":[{"href":"https:\/\/agora.xtec.cat\/ceiplajota\/wp-json\/wp\/v2\/types\/post"}],"author":[{"embeddable":true,"href":"https:\/\/agora.xtec.cat\/ceiplajota\/wp-json\/wp\/v2\/users\/34"}],"replies":[{"embeddable":true,"href":"https:\/\/agora.xtec.cat\/ceiplajota\/wp-json\/wp\/v2\/comments?post=6921"}],"version-history":[{"count":1,"href":"https:\/\/agora.xtec.cat\/ceiplajota\/wp-json\/wp\/v2\/posts\/6921\/revisions"}],"predecessor-version":[{"id":6923,"href":"https:\/\/agora.xtec.cat\/ceiplajota\/wp-json\/wp\/v2\/posts\/6921\/revisions\/6923"}],"wp:featuredmedia":[{"embeddable":true,"href":"https:\/\/agora.xtec.cat\/ceiplajota\/wp-json\/wp\/v2\/media\/6922"}],"wp:attachment":[{"href":"https:\/\/agora.xtec.cat\/ceiplajota\/wp-json\/wp\/v2\/media?parent=6921"}],"wp:term":[{"taxonomy":"category","embeddable":true,"href":"https:\/\/agora.xtec.cat\/ceiplajota\/wp-json\/wp\/v2\/categories?post=6921"},{"taxonomy":"post_tag","embeddable":true,"href":"https:\/\/agora.xtec.cat\/ceiplajota\/wp-json\/wp\/v2\/tags?post=6921"}],"curies":[{"name":"wp","href":"https:\/\/api.w.org\/{rel}","templated":true}]}}