{"id":6911,"date":"2025-05-28T10:17:49","date_gmt":"2025-05-28T08:17:49","guid":{"rendered":"https:\/\/agora.xtec.cat\/ceiplajota\/?p=6911"},"modified":"2025-05-28T10:17:49","modified_gmt":"2025-05-28T08:17:49","slug":"a-quart-fem-vela","status":"publish","type":"post","link":"https:\/\/agora.xtec.cat\/ceiplajota\/general\/a-quart-fem-vela\/","title":{"rendered":"A QUART FEM VELA"},"content":{"rendered":"<p>Bon dia fam\u00edlies de quart,<\/p>\n<p>El passat 27 de maig vam\u00a0 anar al port de Masnou a fer l&#8217;activitat &#8220;Aventura Blava&#8221;.\u00a0 \u00a0Aquesta activitat, subvencionada per la Federaci\u00f3 Catalana de Vela i la Diputaci\u00f3 de Barcelona, constava d&#8217;una part te\u00f2rica, on ens ensenyaven les parts d&#8217;un vaixell, els estris necessaris per navegar i com fer 4 nusos mariners, i un part pr\u00e0ctica. <a href=\"https:\/\/agora.xtec.cat\/ceiplajota\/wp-content\/uploads\/usu1571\/2025\/05\/20250527_121125-scaled.jpg\"><img loading=\"lazy\" decoding=\"async\" class=\"size-medium wp-image-6913 alignleft\" src=\"https:\/\/agora.xtec.cat\/ceiplajota\/wp-content\/uploads\/usu1571\/2025\/05\/20250527_121125-300x169.jpg\" alt=\"\" width=\"300\" height=\"169\" srcset=\"https:\/\/agora.xtec.cat\/ceiplajota\/wp-content\/uploads\/usu1571\/2025\/05\/20250527_121125-300x169.jpg 300w, https:\/\/agora.xtec.cat\/ceiplajota\/wp-content\/uploads\/usu1571\/2025\/05\/20250527_121125-1024x576.jpg 1024w, https:\/\/agora.xtec.cat\/ceiplajota\/wp-content\/uploads\/usu1571\/2025\/05\/20250527_121125-768x432.jpg 768w, https:\/\/agora.xtec.cat\/ceiplajota\/wp-content\/uploads\/usu1571\/2025\/05\/20250527_121125-1536x864.jpg 1536w, https:\/\/agora.xtec.cat\/ceiplajota\/wp-content\/uploads\/usu1571\/2025\/05\/20250527_121125-2048x1152.jpg 2048w\" sizes=\"auto, (max-width: 300px) 100vw, 300px\" \/><\/a> A la part pr\u00e0ctica sort\u00edem a navegar amb un petit vaixell de vela amb professionals de la navegaci\u00f3 i en petits grups de 5 alumnes.\u00a0 Al vaixell vam gaudir de navegar sense contaminar, nom\u00e9s amb l&#8217;empenta que ens donava el vent.\u00a0 L&#8217;alumnat va poder portar el tim\u00f3 i estirar dels cabs per tensar les veles.\u00a0 Va ser una experi\u00e8ncia fant\u00e0stica que vam rematar dinant totes plegades a la platja del Masnou.\u00a0 UN DIA D&#8217;APRENDRE COSES NOVES I MERAVELL\u00d2S!<\/p>\n<p>Moltes gr\u00e0cies als professionals que ens vam atendre.\u00a0 Van ser molt amables amb nosaltres, ens van cuidar molt i, sobretot, ens van ensenyar un munt de coses.<\/p>\n<h1><a href=\"https:\/\/photos.app.goo.gl\/4cn1gbMt4Az4Yo3cA\" target=\"_blank\" rel=\"noopener\"><strong>Punxeu aqu\u00ed per veure totes les fotos i v\u00eddeos de la jornada<\/strong><\/a><\/h1>\n","protected":false},"excerpt":{"rendered":"<p>Bon dia fam\u00edlies de quart,<br \/>\nEl passat 27 de maig vam\u00a0 anar al port de Masnou a fer l&#8217;activitat &#8220;Aventura Blava&#8221;.\u00a0 \u00a0Aquesta activitat, subvencionada per la Federaci\u00f3 Catalana de Vela i la Diputaci\u00f3 de Barcelona, constava d&#8217;una part te\u00f2rica, on ens ensenyaven les parts d&#8217;un vaixell,&hellip;  <a href=\"https:\/\/agora.xtec.cat\/ceiplajota\/general\/a-quart-fem-vela\/\" title=\"Read A QUART FEM VELA\">Llegeix m\u00e9s\u00bb<\/a><\/p>\n","protected":false},"author":22,"featured_media":6914,"comment_status":"open","ping_status":"closed","sticky":false,"template":"","format":"standard","meta":{"_bbp_topic_count":0,"_bbp_reply_count":0,"_bbp_total_topic_count":0,"_bbp_total_reply_count":0,"_bbp_voice_count":0,"_bbp_anonymous_reply_count":0,"_bbp_topic_count_hidden":0,"_bbp_reply_count_hidden":0,"_bbp_forum_subforum_count":0,"footnotes":""},"categories":[13,1],"tags":[],"class_list":["post-6911","post","type-post","status-publish","format-standard","has-post-thumbnail","hentry","category-4t","category-general"],"post_mailing_queue_ids":[],"_links":{"self":[{"href":"https:\/\/agora.xtec.cat\/ceiplajota\/wp-json\/wp\/v2\/posts\/6911","targetHints":{"allow":["GET"]}}],"collection":[{"href":"https:\/\/agora.xtec.cat\/ceiplajota\/wp-json\/wp\/v2\/posts"}],"about":[{"href":"https:\/\/agora.xtec.cat\/ceiplajota\/wp-json\/wp\/v2\/types\/post"}],"author":[{"embeddable":true,"href":"https:\/\/agora.xtec.cat\/ceiplajota\/wp-json\/wp\/v2\/users\/22"}],"replies":[{"embeddable":true,"href":"https:\/\/agora.xtec.cat\/ceiplajota\/wp-json\/wp\/v2\/comments?post=6911"}],"version-history":[{"count":2,"href":"https:\/\/agora.xtec.cat\/ceiplajota\/wp-json\/wp\/v2\/posts\/6911\/revisions"}],"predecessor-version":[{"id":6915,"href":"https:\/\/agora.xtec.cat\/ceiplajota\/wp-json\/wp\/v2\/posts\/6911\/revisions\/6915"}],"wp:featuredmedia":[{"embeddable":true,"href":"https:\/\/agora.xtec.cat\/ceiplajota\/wp-json\/wp\/v2\/media\/6914"}],"wp:attachment":[{"href":"https:\/\/agora.xtec.cat\/ceiplajota\/wp-json\/wp\/v2\/media?parent=6911"}],"wp:term":[{"taxonomy":"category","embeddable":true,"href":"https:\/\/agora.xtec.cat\/ceiplajota\/wp-json\/wp\/v2\/categories?post=6911"},{"taxonomy":"post_tag","embeddable":true,"href":"https:\/\/agora.xtec.cat\/ceiplajota\/wp-json\/wp\/v2\/tags?post=6911"}],"curies":[{"name":"wp","href":"https:\/\/api.w.org\/{rel}","templated":true}]}}