{"id":6899,"date":"2025-05-23T00:36:59","date_gmt":"2025-05-22T22:36:59","guid":{"rendered":"https:\/\/agora.xtec.cat\/ceiplajota\/?p=6899"},"modified":"2025-05-23T00:38:47","modified_gmt":"2025-05-22T22:38:47","slug":"acte-reconeixement-als-docents-jubilats","status":"publish","type":"post","link":"https:\/\/agora.xtec.cat\/ceiplajota\/general\/acte-reconeixement-als-docents-jubilats\/","title":{"rendered":"Acte reconeixement als docents jubilats"},"content":{"rendered":"<p>Dijous dia 22 de maig, a l&#8217;Auditori de la Facultat de Filosofia i Lletres de la Universitat Aut\u00f2noma (UAB), s&#8217;ha fet l&#8217;acte de reconeixement als docents i altre personal del Departament d&#8217;Educaci\u00f3 i Formaci\u00f3 Professional que s&#8217;han jubilat el curs 23-24. All\u00e0 hem anat per acompanyar a la nostra companya i excel\u00b7lent docent, la M.Cruz.<\/p>\n<p>Ha dirigit l&#8217;acte la sra. J\u00falia L\u00f3pez, directora adjunta dels Serveis Territorials al Vall\u00e8s Occidental.<\/p>\n<p>Ha amenitzat l&#8217;acte amb la seva actuaci\u00f3 l&#8217;alumnat de 4t de prim\u00e0ria de l&#8217;Escola Bellaterra (L&#8217;Escoleta) i l&#8217;alumnat de 1r de batxillerat de l&#8217;Institut Ferran Casablancas.<\/p>\n<p>Ha estat una bona estona, amb molta tendresa i bons records.<\/p>\n<p>Moltes gr\u00e0cies M.Cruz pels anys donant la teva expertesa a l&#8217;alumnat i companys de La Jota<a href=\"https:\/\/agora.xtec.cat\/ceiplajota\/wp-content\/uploads\/usu1571\/2025\/05\/MC-8.png\"><img loading=\"lazy\" decoding=\"async\" class=\"aligncenter size-medium wp-image-6900\" src=\"https:\/\/agora.xtec.cat\/ceiplajota\/wp-content\/uploads\/usu1571\/2025\/05\/MC-8-231x300.png\" alt=\"\" width=\"231\" height=\"300\" srcset=\"https:\/\/agora.xtec.cat\/ceiplajota\/wp-content\/uploads\/usu1571\/2025\/05\/MC-8-231x300.png 231w, https:\/\/agora.xtec.cat\/ceiplajota\/wp-content\/uploads\/usu1571\/2025\/05\/MC-8.png 574w\" sizes=\"auto, (max-width: 231px) 100vw, 231px\" \/><\/a><\/p>\n","protected":false},"excerpt":{"rendered":"<p>Dijous dia 22 de maig, a l&#8217;Auditori de la Facultat de Filosofia i Lletres de la Universitat Aut\u00f2noma (UAB), s&#8217;ha fet l&#8217;acte de reconeixement als docents i altre personal del Departament d&#8217;Educaci\u00f3 i Formaci\u00f3 Professional que s&#8217;han jubilat el curs 23-24. All\u00e0 hem anat per&hellip;  <a href=\"https:\/\/agora.xtec.cat\/ceiplajota\/general\/acte-reconeixement-als-docents-jubilats\/\" title=\"Read Acte reconeixement als docents jubilats\">Llegeix m\u00e9s\u00bb<\/a><\/p>\n","protected":false},"author":1,"featured_media":6901,"comment_status":"open","ping_status":"closed","sticky":false,"template":"","format":"standard","meta":{"_bbp_topic_count":0,"_bbp_reply_count":0,"_bbp_total_topic_count":0,"_bbp_total_reply_count":0,"_bbp_voice_count":0,"_bbp_anonymous_reply_count":0,"_bbp_topic_count_hidden":0,"_bbp_reply_count_hidden":0,"_bbp_forum_subforum_count":0,"footnotes":""},"categories":[1],"tags":[],"class_list":["post-6899","post","type-post","status-publish","format-standard","has-post-thumbnail","hentry","category-general"],"post_mailing_queue_ids":[],"_links":{"self":[{"href":"https:\/\/agora.xtec.cat\/ceiplajota\/wp-json\/wp\/v2\/posts\/6899","targetHints":{"allow":["GET"]}}],"collection":[{"href":"https:\/\/agora.xtec.cat\/ceiplajota\/wp-json\/wp\/v2\/posts"}],"about":[{"href":"https:\/\/agora.xtec.cat\/ceiplajota\/wp-json\/wp\/v2\/types\/post"}],"author":[{"embeddable":true,"href":"https:\/\/agora.xtec.cat\/ceiplajota\/wp-json\/wp\/v2\/users\/1"}],"replies":[{"embeddable":true,"href":"https:\/\/agora.xtec.cat\/ceiplajota\/wp-json\/wp\/v2\/comments?post=6899"}],"version-history":[{"count":1,"href":"https:\/\/agora.xtec.cat\/ceiplajota\/wp-json\/wp\/v2\/posts\/6899\/revisions"}],"predecessor-version":[{"id":6902,"href":"https:\/\/agora.xtec.cat\/ceiplajota\/wp-json\/wp\/v2\/posts\/6899\/revisions\/6902"}],"wp:featuredmedia":[{"embeddable":true,"href":"https:\/\/agora.xtec.cat\/ceiplajota\/wp-json\/wp\/v2\/media\/6901"}],"wp:attachment":[{"href":"https:\/\/agora.xtec.cat\/ceiplajota\/wp-json\/wp\/v2\/media?parent=6899"}],"wp:term":[{"taxonomy":"category","embeddable":true,"href":"https:\/\/agora.xtec.cat\/ceiplajota\/wp-json\/wp\/v2\/categories?post=6899"},{"taxonomy":"post_tag","embeddable":true,"href":"https:\/\/agora.xtec.cat\/ceiplajota\/wp-json\/wp\/v2\/tags?post=6899"}],"curies":[{"name":"wp","href":"https:\/\/api.w.org\/{rel}","templated":true}]}}