{"id":6878,"date":"2025-05-15T17:25:30","date_gmt":"2025-05-15T15:25:30","guid":{"rendered":"https:\/\/agora.xtec.cat\/ceiplajota\/?p=6878"},"modified":"2025-05-17T17:29:43","modified_gmt":"2025-05-17T15:29:43","slug":"la-radio-al-pati","status":"publish","type":"post","link":"https:\/\/agora.xtec.cat\/ceiplajota\/general\/la-radio-al-pati\/","title":{"rendered":"La r\u00e0dio al pati"},"content":{"rendered":"<div class=\"post-title-container\">\n<h3 class=\"post-title entry-title\">La R\u00e0dio al pati torna a R\u00e0dio Badia. Institut Escola La Jota, que en penseu de la r\u00e0dio i l&#8217;oci, ara i abans?<\/h3>\n<\/div>\n<div class=\"post-header\">\n<div class=\"post-header-line-1\"><span class=\"byline post-author vcard\"><span class=\"post-author-label\">Publicat per\u00a0<\/span><span class=\"fn\">R\u00e0dio Badia\u00a0<\/span><\/span><span class=\"byline post-timestamp\">el dia\u00a0<a class=\"timestamp-link\" title=\"permanent link\" href=\"http:\/\/radio.oreneta.org\/2025\/05\/la-radio-al-pati-torna-radio-badia.html\" rel=\"bookmark\"><time class=\"published\" title=\"2025-05-06T12:23:00+02:00\" datetime=\"2025-05-06T12:23:00+02:00\">de maig 06, 2025<\/time><\/a><\/span><\/div>\n<div>Durant uns dies hem rebut a l&#8217;estona de l&#8217;esbarjo de secund\u00e0ria a R\u00e0dio Badia.\u00a0 Amb l&#8217;alumnat s&#8217;ha anat tractant temes for\u00e7a interessants.<\/div>\n<div><\/div>\n<div>\n<p>Ha canviat tant la manera d&#8217;entretenir-se des que els pares eren adolescents? Qu\u00e8 pensem els i les joves d&#8217;avui dia del tema?<\/p>\n<p>Doncs arriba un altre cap\u00edtol del p\u00f2dcast la r\u00e0dio als patis, aquest cop amb la participaci\u00f3 de l&#8217;Institut Escola La Jota.<\/p>\n<p>No us ho perdeu!!<\/p>\n<p><a href=\"http:\/\/radio.oreneta.org\/2025\/05\/la-radio-al-pati-torna-radio-badia.html\" target=\"_blank\" rel=\"noopener\">Clica aqu\u00ed per escoltar-ho.\u00a0<\/a><\/p>\n<p>&nbsp;<\/p>\n<\/div>\n<\/div>\n<div class=\"post-share-buttons post-share-buttons-top\">\n<div class=\"byline post-share-buttons goog-inline-block\">\n<div class=\"sharing\" aria-owns=\"sharing-popup-Blog1-byline-1356752776341545975\" data-title=\"La R\u00e0dio al pati torna a R\u00e0dio Badia.  Institut escola La Jota, que en penseu de la r\u00e0dio i l'oci, ara i abans?\">\n<div class=\"flat-icon-button ripple\"><\/div>\n<div class=\"share-buttons-container\"><\/div>\n<\/div>\n<\/div>\n<\/div>\n<div id=\"post-body-1356752776341545975\" class=\"post-body entry-content float-container\"><\/div>\n","protected":false},"excerpt":{"rendered":"<p>La R\u00e0dio al pati torna a R\u00e0dio Badia. Institut Escola La Jota, que en penseu de la r\u00e0dio i l&#8217;oci, ara i abans?<\/p>\n<p>Publicat per\u00a0R\u00e0dio Badia\u00a0el dia\u00a0<a class=\"timestamp-link\" title=\"permanent link\" href=\"http:\/\/radio.oreneta.org\/2025\/05\/la-radio-al-pati-torna-radio-badia.html\" rel=\"bookmark\">de maig 06, 2025<\/a><br \/>\nDurant uns dies hem rebut a l&#8217;estona de l&#8217;esbarjo de secund\u00e0ria a&hellip;  <a href=\"https:\/\/agora.xtec.cat\/ceiplajota\/general\/la-radio-al-pati\/\" title=\"Read La r\u00e0dio al pati\">Llegeix m\u00e9s\u00bb<\/a><\/p>\n","protected":false},"author":1,"featured_media":6879,"comment_status":"open","ping_status":"closed","sticky":false,"template":"","format":"standard","meta":{"_bbp_topic_count":0,"_bbp_reply_count":0,"_bbp_total_topic_count":0,"_bbp_total_reply_count":0,"_bbp_voice_count":0,"_bbp_anonymous_reply_count":0,"_bbp_topic_count_hidden":0,"_bbp_reply_count_hidden":0,"_bbp_forum_subforum_count":0,"footnotes":""},"categories":[1],"tags":[],"class_list":["post-6878","post","type-post","status-publish","format-standard","has-post-thumbnail","hentry","category-general"],"post_mailing_queue_ids":[],"_links":{"self":[{"href":"https:\/\/agora.xtec.cat\/ceiplajota\/wp-json\/wp\/v2\/posts\/6878","targetHints":{"allow":["GET"]}}],"collection":[{"href":"https:\/\/agora.xtec.cat\/ceiplajota\/wp-json\/wp\/v2\/posts"}],"about":[{"href":"https:\/\/agora.xtec.cat\/ceiplajota\/wp-json\/wp\/v2\/types\/post"}],"author":[{"embeddable":true,"href":"https:\/\/agora.xtec.cat\/ceiplajota\/wp-json\/wp\/v2\/users\/1"}],"replies":[{"embeddable":true,"href":"https:\/\/agora.xtec.cat\/ceiplajota\/wp-json\/wp\/v2\/comments?post=6878"}],"version-history":[{"count":1,"href":"https:\/\/agora.xtec.cat\/ceiplajota\/wp-json\/wp\/v2\/posts\/6878\/revisions"}],"predecessor-version":[{"id":6880,"href":"https:\/\/agora.xtec.cat\/ceiplajota\/wp-json\/wp\/v2\/posts\/6878\/revisions\/6880"}],"wp:featuredmedia":[{"embeddable":true,"href":"https:\/\/agora.xtec.cat\/ceiplajota\/wp-json\/wp\/v2\/media\/6879"}],"wp:attachment":[{"href":"https:\/\/agora.xtec.cat\/ceiplajota\/wp-json\/wp\/v2\/media?parent=6878"}],"wp:term":[{"taxonomy":"category","embeddable":true,"href":"https:\/\/agora.xtec.cat\/ceiplajota\/wp-json\/wp\/v2\/categories?post=6878"},{"taxonomy":"post_tag","embeddable":true,"href":"https:\/\/agora.xtec.cat\/ceiplajota\/wp-json\/wp\/v2\/tags?post=6878"}],"curies":[{"name":"wp","href":"https:\/\/api.w.org\/{rel}","templated":true}]}}