{"id":6866,"date":"2025-05-13T23:26:51","date_gmt":"2025-05-13T21:26:51","guid":{"rendered":"https:\/\/agora.xtec.cat\/ceiplajota\/?p=6866"},"modified":"2025-05-13T23:32:16","modified_gmt":"2025-05-13T21:32:16","slug":"cantania-2025","status":"publish","type":"post","link":"https:\/\/agora.xtec.cat\/ceiplajota\/general\/cantania-2025\/","title":{"rendered":"CANT\u00c0NIA 2025"},"content":{"rendered":"<p>L&#8217;alumnat de 5\u00e8 A i de 5\u00e8 B han participat de l&#8217;activitat de Cant\u00e0nia.<\/p>\n<p>Al llarg de tot el curs nens i nenes de 5\u00e8 han assajat les can\u00e7ons, preparat el material, assajat les coreografies ,&#8230;, i\u00a0 avui dimarts ha estat el dia de l&#8217;actuaci\u00f3.<\/p>\n<p><strong>Qu\u00e8 \u00e9s Cant\u00e0nia?<\/strong><\/p>\n<p><i>Cant\u00e0nia\u00a0<\/i>\u00e9s un concert participatiu amb diferents fases de preparaci\u00f3: sessions de formaci\u00f3 amb el professorat, treball a l\u2019aula i concert final interpretat per l\u2019alumnat inscrit. Durant tot el curs escolar es treballa conjuntament des de l\u2019escola i des de l\u2019organitzaci\u00f3. L\u2019objectiu \u00e9s organitzar un acte per als alumnes que, per les caracter\u00edstiques globals pensades exclusivament per a ells\/es, per la qualitat art\u00edstica i la implicaci\u00f3 personal i col\u00b7lectiva de tots els participants, es converteix en una viv\u00e8ncia musical important i inoblidable per a tothom.<a href=\"https:\/\/agora.xtec.cat\/ceiplajota\/wp-content\/uploads\/usu1571\/2025\/05\/Cantania-1.png\"><br \/>\n<img loading=\"lazy\" decoding=\"async\" class=\"aligncenter size-medium wp-image-6867\" src=\"https:\/\/agora.xtec.cat\/ceiplajota\/wp-content\/uploads\/usu1571\/2025\/05\/Cantania-1-300x125.png\" alt=\"\" width=\"300\" height=\"125\" srcset=\"https:\/\/agora.xtec.cat\/ceiplajota\/wp-content\/uploads\/usu1571\/2025\/05\/Cantania-1-300x125.png 300w, https:\/\/agora.xtec.cat\/ceiplajota\/wp-content\/uploads\/usu1571\/2025\/05\/Cantania-1.png 354w\" sizes=\"auto, (max-width: 300px) 100vw, 300px\" \/><\/a><\/p>\n<p>Aquest curs , quin ha estat el tema de Cant\u00e0nia?<\/p>\n<p>La Vera i l\u2019Ernest s\u00f3n personatges de videojoc. L\u2019Ernest vol saber qu\u00e8 hi ha m\u00e9s enll\u00e0 de les aventures que estan condemnats a repetir, vol sortir del rectangle on estan tancats. La Vera li diu que realitat i ficci\u00f3 s\u00f3n el mateix, i que l\u2019una serveix per explicar l\u2019altra (a trav\u00e9s dels contes, les faules o amb met\u00e0fores).<\/p>\n<p>Com que no el conven\u00e7, li mostra les realitats d\u2019alguns nens i nenes enganxats al videojoc que ells protagonitzen. Llavors tots dos salten al m\u00f3n tangible i l\u2019Ernest s\u2019espanta, perqu\u00e8 ja no t\u00e9 la protecci\u00f3 de la pantalla.<\/p>\n<p>De fet, la Vera i l\u2019Ernest tamb\u00e9 s\u00f3n jugadors que s\u2019evadien mitjan\u00e7ant un m\u00f3n al qual eren herois immortals. Ara han d\u2019aprendre que tothom \u00e9s alhora persona i personatge, real i representaci\u00f3, sempre protagonista del joc de la vida.<\/p>\n<p><a href=\"https:\/\/agora.xtec.cat\/ceiplajota\/wp-content\/uploads\/usu1571\/2025\/05\/cantania-2.png\"><img loading=\"lazy\" decoding=\"async\" class=\"aligncenter size-medium wp-image-6868\" src=\"https:\/\/agora.xtec.cat\/ceiplajota\/wp-content\/uploads\/usu1571\/2025\/05\/cantania-2-300x92.png\" alt=\"\" width=\"300\" height=\"92\" srcset=\"https:\/\/agora.xtec.cat\/ceiplajota\/wp-content\/uploads\/usu1571\/2025\/05\/cantania-2-300x92.png 300w, https:\/\/agora.xtec.cat\/ceiplajota\/wp-content\/uploads\/usu1571\/2025\/05\/cantania-2.png 561w\" sizes=\"auto, (max-width: 300px) 100vw, 300px\" \/><\/a><\/p>\n<p>Si en vols veure fotografies, <a href=\"https:\/\/photos.app.goo.gl\/QWER7uh3JgSHoFUp6\" target=\"_blank\" rel=\"noopener\">clica aqu\u00ed sobre<\/a>.<\/p>\n","protected":false},"excerpt":{"rendered":"<p>L&#8217;alumnat de 5\u00e8 A i de 5\u00e8 B han participat de l&#8217;activitat de Cant\u00e0nia.<br \/>\nAl llarg de tot el curs nens i nenes de 5\u00e8 han assajat les can\u00e7ons, preparat el material, assajat les coreografies ,&#8230;, i\u00a0 avui dimarts ha estat el dia de l&#8217;actuaci\u00f3.<br \/>\nQu\u00e8 \u00e9s&hellip;  <a href=\"https:\/\/agora.xtec.cat\/ceiplajota\/general\/cantania-2025\/\" title=\"Read CANT\u00c0NIA 2025\">Llegeix m\u00e9s\u00bb<\/a><\/p>\n","protected":false},"author":1,"featured_media":6869,"comment_status":"open","ping_status":"closed","sticky":false,"template":"","format":"standard","meta":{"_bbp_topic_count":0,"_bbp_reply_count":0,"_bbp_total_topic_count":0,"_bbp_total_reply_count":0,"_bbp_voice_count":0,"_bbp_anonymous_reply_count":0,"_bbp_topic_count_hidden":0,"_bbp_reply_count_hidden":0,"_bbp_forum_subforum_count":0,"footnotes":""},"categories":[1],"tags":[],"class_list":["post-6866","post","type-post","status-publish","format-standard","has-post-thumbnail","hentry","category-general"],"post_mailing_queue_ids":[],"_links":{"self":[{"href":"https:\/\/agora.xtec.cat\/ceiplajota\/wp-json\/wp\/v2\/posts\/6866","targetHints":{"allow":["GET"]}}],"collection":[{"href":"https:\/\/agora.xtec.cat\/ceiplajota\/wp-json\/wp\/v2\/posts"}],"about":[{"href":"https:\/\/agora.xtec.cat\/ceiplajota\/wp-json\/wp\/v2\/types\/post"}],"author":[{"embeddable":true,"href":"https:\/\/agora.xtec.cat\/ceiplajota\/wp-json\/wp\/v2\/users\/1"}],"replies":[{"embeddable":true,"href":"https:\/\/agora.xtec.cat\/ceiplajota\/wp-json\/wp\/v2\/comments?post=6866"}],"version-history":[{"count":2,"href":"https:\/\/agora.xtec.cat\/ceiplajota\/wp-json\/wp\/v2\/posts\/6866\/revisions"}],"predecessor-version":[{"id":6871,"href":"https:\/\/agora.xtec.cat\/ceiplajota\/wp-json\/wp\/v2\/posts\/6866\/revisions\/6871"}],"wp:featuredmedia":[{"embeddable":true,"href":"https:\/\/agora.xtec.cat\/ceiplajota\/wp-json\/wp\/v2\/media\/6869"}],"wp:attachment":[{"href":"https:\/\/agora.xtec.cat\/ceiplajota\/wp-json\/wp\/v2\/media?parent=6866"}],"wp:term":[{"taxonomy":"category","embeddable":true,"href":"https:\/\/agora.xtec.cat\/ceiplajota\/wp-json\/wp\/v2\/categories?post=6866"},{"taxonomy":"post_tag","embeddable":true,"href":"https:\/\/agora.xtec.cat\/ceiplajota\/wp-json\/wp\/v2\/tags?post=6866"}],"curies":[{"name":"wp","href":"https:\/\/api.w.org\/{rel}","templated":true}]}}