{"id":6840,"date":"2025-04-23T16:29:03","date_gmt":"2025-04-23T14:29:03","guid":{"rendered":"https:\/\/agora.xtec.cat\/ceiplajota\/?p=6840"},"modified":"2025-04-27T23:57:54","modified_gmt":"2025-04-27T21:57:54","slug":"sant-jordi-2025","status":"publish","type":"post","link":"https:\/\/agora.xtec.cat\/ceiplajota\/general\/sant-jordi-2025\/","title":{"rendered":"Sant Jordi 2025"},"content":{"rendered":"<p>La diada de Sant Jordi \u00e9s molt especial a l&#8217;Institut Escola La Jota, tamb\u00e9 aquest curs 24-25.<\/p>\n<p style=\"text-align: center;\"><a href=\"https:\/\/agora.xtec.cat\/ceiplajota\/wp-content\/uploads\/usu1571\/2025\/04\/Sant-Jordi-2.png\"><img loading=\"lazy\" decoding=\"async\" class=\"aligncenter wp-image-6842\" src=\"https:\/\/agora.xtec.cat\/ceiplajota\/wp-content\/uploads\/usu1571\/2025\/04\/Sant-Jordi-2-300x155.png\" alt=\"\" width=\"203\" height=\"105\" srcset=\"https:\/\/agora.xtec.cat\/ceiplajota\/wp-content\/uploads\/usu1571\/2025\/04\/Sant-Jordi-2-300x155.png 300w, https:\/\/agora.xtec.cat\/ceiplajota\/wp-content\/uploads\/usu1571\/2025\/04\/Sant-Jordi-2.png 489w\" sizes=\"auto, (max-width: 203px) 100vw, 203px\" \/><\/a><\/p>\n<p>Enguany celebrem la jornada el dimarts dia 22 d&#8217;abril ja que el 23 d&#8217;abril gran part de l&#8217;alumnat de prim\u00e0ria marxa de col\u00f2nies.<\/p>\n<p>A la celebraci\u00f3 de Sant Jordi compartim la jornada amb els companys i companyes de classe, l&#8217;equip docent i no docent del centre i amb les fam\u00edlies que ens volen o poden acompanyar amb la Lectura en Veu Alta.<\/p>\n<p>La Lectura en Veu Alta \u00e9s una activitat que fem per Sant Jordi. Demanem als familiars que poden i volen venir a llegir en veu alta davant de l&#8217;alumnat, des d&#8217;i3 fins a 2n d&#8217;ESO. Tenim forces fam\u00edlies que ens\u00a0 acompanyen i tots i totes gaudim de les seves lectures de contes, poemes, llegendes,&#8230; en diferents lleng\u00fces, normalment la llengua materna de la persona que llegeix.<\/p>\n<p style=\"text-align: center;\"><a href=\"https:\/\/agora.xtec.cat\/ceiplajota\/wp-content\/uploads\/usu1571\/2025\/04\/Sant-jordi-3.png\"><img loading=\"lazy\" decoding=\"async\" class=\"aligncenter size-medium wp-image-6843\" src=\"https:\/\/agora.xtec.cat\/ceiplajota\/wp-content\/uploads\/usu1571\/2025\/04\/Sant-jordi-3-300x201.png\" alt=\"\" width=\"300\" height=\"201\" srcset=\"https:\/\/agora.xtec.cat\/ceiplajota\/wp-content\/uploads\/usu1571\/2025\/04\/Sant-jordi-3-300x201.png 300w, https:\/\/agora.xtec.cat\/ceiplajota\/wp-content\/uploads\/usu1571\/2025\/04\/Sant-jordi-3-768x514.png 768w, https:\/\/agora.xtec.cat\/ceiplajota\/wp-content\/uploads\/usu1571\/2025\/04\/Sant-jordi-3.png 862w\" sizes=\"auto, (max-width: 300px) 100vw, 300px\" \/><\/a><\/p>\n<p>L&#8217;alumnat participa en el lliurament de premis de Sant Jordi de cada grup.<\/p>\n<p>Des de la Biblioteca del centre es fa tamb\u00e9 lliurament de premis a l&#8217;alumnat m\u00e9s lector.<\/p>\n<p>Al migdia anem a l&#8217;Auditori de Badia on es fa el lliurament dels premis de Sant Jordi de l&#8217;Ajuntament.<\/p>\n<p>Si vols veure imatges de la jornada, clica a cada enlla\u00e7 segons el cicle.<\/p>\n<p><a href=\"https:\/\/photos.app.goo.gl\/Fx4KCDPnx4T9PkLc8\" target=\"_blank\" rel=\"noopener\">Educaci\u00f3 Infantil (i3, i4 i i5)<\/a><\/p>\n<p><a href=\"https:\/\/photos.app.goo.gl\/pFtdMysr1E73dzcPA\" target=\"_blank\" rel=\"noopener\">Cicle Inicial (1r i 2n de prim\u00e0ria)<\/a><\/p>\n<p><a href=\"https:\/\/photos.app.goo.gl\/rYexNEYU2Nh9RxWq7\" target=\"_blank\" rel=\"noopener\">Cicle Mitj\u00e0 (3r i 4t de prim\u00e0ria)<\/a><\/p>\n<p><a href=\"https:\/\/photos.app.goo.gl\/18H9JD7ARHUXiTg26\" target=\"_blank\" rel=\"noopener\">Cicle Superior (5\u00e8 i 6\u00e8 de prim\u00e0ria)<\/a><\/p>\n<p><a href=\"https:\/\/photos.app.goo.gl\/rNdvtoeV3UtJVtEV8\" target=\"_blank\" rel=\"noopener\">Primer cicle d&#8217;ESO (1r i 2n d&#8217;ESO)<\/a><\/p>\n<p>&nbsp;<\/p>\n<p>El dimecres dia 23 d&#8217;abril, l&#8217;alumnat d&#8217;educaci\u00f3 infantil i de secund\u00e0ria ja t\u00e9 organitzades activitats:<\/p>\n<ul>\n<li style=\"font-weight: 400;\" aria-level=\"1\"><span style=\"font-weight: 400;\"><a href=\"https:\/\/photos.app.goo.gl\/PNicxb86tt8mVT4Y6\" target=\"_blank\" rel=\"noopener\">lectura de contes<\/a>: 1r i 2n d&#8217;ESO faran roses per a l\u2019alumnat d\u2019infantil i els llegiran contes.<\/span><\/li>\n<li style=\"font-weight: 400;\" aria-level=\"1\"><span style=\"font-weight: 400;\">visita a la pla\u00e7a de l\u2019ajuntament per visitar les paradetes i comprar-hi llibres per l\u2019aula<\/span><\/li>\n<li style=\"font-weight: 400;\" aria-level=\"1\"><span style=\"font-weight: 400;\">visita a la Fira Medieval de l\u2019INS Federica Montseny<\/span><\/li>\n<\/ul>\n<p>&nbsp;<\/p>\n<p>Tot l&#8217;equip i l&#8217;alumnat de l&#8217;Institut Escola La Jota<\/p>\n<p style=\"text-align: center;\">et desitja una FELI\u00c7 DIADA DE SANT JORDI<\/p>\n<p><a href=\"https:\/\/agora.xtec.cat\/ceiplajota\/wp-content\/uploads\/usu1571\/2025\/04\/Sant-Jordi-1.png\"><img loading=\"lazy\" decoding=\"async\" class=\"aligncenter size-medium wp-image-6841\" src=\"https:\/\/agora.xtec.cat\/ceiplajota\/wp-content\/uploads\/usu1571\/2025\/04\/Sant-Jordi-1-300x158.png\" alt=\"\" width=\"300\" height=\"158\" srcset=\"https:\/\/agora.xtec.cat\/ceiplajota\/wp-content\/uploads\/usu1571\/2025\/04\/Sant-Jordi-1-300x158.png 300w, https:\/\/agora.xtec.cat\/ceiplajota\/wp-content\/uploads\/usu1571\/2025\/04\/Sant-Jordi-1-768x404.png 768w, https:\/\/agora.xtec.cat\/ceiplajota\/wp-content\/uploads\/usu1571\/2025\/04\/Sant-Jordi-1.png 984w\" sizes=\"auto, (max-width: 300px) 100vw, 300px\" \/><\/a><\/p>\n","protected":false},"excerpt":{"rendered":"<p>La diada de Sant Jordi \u00e9s molt especial a l&#8217;Institut Escola La Jota, tamb\u00e9 aquest curs 24-25.<br \/>\n<a href=\"https:\/\/agora.xtec.cat\/ceiplajota\/wp-content\/uploads\/usu1571\/2025\/04\/Sant-Jordi-2.png\"><\/a><br \/>\nEnguany celebrem la jornada el dimarts dia 22 d&#8217;abril ja que el 23 d&#8217;abril gran part de l&#8217;alumnat de prim\u00e0ria marxa de col\u00f2nies.<br \/>\nA la celebraci\u00f3 de Sant Jordi&hellip;  <a href=\"https:\/\/agora.xtec.cat\/ceiplajota\/general\/sant-jordi-2025\/\" title=\"Read Sant Jordi 2025\">Llegeix m\u00e9s\u00bb<\/a><\/p>\n","protected":false},"author":1,"featured_media":6856,"comment_status":"open","ping_status":"closed","sticky":false,"template":"","format":"standard","meta":{"_bbp_topic_count":0,"_bbp_reply_count":0,"_bbp_total_topic_count":0,"_bbp_total_reply_count":0,"_bbp_voice_count":0,"_bbp_anonymous_reply_count":0,"_bbp_topic_count_hidden":0,"_bbp_reply_count_hidden":0,"_bbp_forum_subforum_count":0,"footnotes":""},"categories":[1],"tags":[],"class_list":["post-6840","post","type-post","status-publish","format-standard","has-post-thumbnail","hentry","category-general"],"post_mailing_queue_ids":[],"_links":{"self":[{"href":"https:\/\/agora.xtec.cat\/ceiplajota\/wp-json\/wp\/v2\/posts\/6840","targetHints":{"allow":["GET"]}}],"collection":[{"href":"https:\/\/agora.xtec.cat\/ceiplajota\/wp-json\/wp\/v2\/posts"}],"about":[{"href":"https:\/\/agora.xtec.cat\/ceiplajota\/wp-json\/wp\/v2\/types\/post"}],"author":[{"embeddable":true,"href":"https:\/\/agora.xtec.cat\/ceiplajota\/wp-json\/wp\/v2\/users\/1"}],"replies":[{"embeddable":true,"href":"https:\/\/agora.xtec.cat\/ceiplajota\/wp-json\/wp\/v2\/comments?post=6840"}],"version-history":[{"count":3,"href":"https:\/\/agora.xtec.cat\/ceiplajota\/wp-json\/wp\/v2\/posts\/6840\/revisions"}],"predecessor-version":[{"id":6860,"href":"https:\/\/agora.xtec.cat\/ceiplajota\/wp-json\/wp\/v2\/posts\/6840\/revisions\/6860"}],"wp:featuredmedia":[{"embeddable":true,"href":"https:\/\/agora.xtec.cat\/ceiplajota\/wp-json\/wp\/v2\/media\/6856"}],"wp:attachment":[{"href":"https:\/\/agora.xtec.cat\/ceiplajota\/wp-json\/wp\/v2\/media?parent=6840"}],"wp:term":[{"taxonomy":"category","embeddable":true,"href":"https:\/\/agora.xtec.cat\/ceiplajota\/wp-json\/wp\/v2\/categories?post=6840"},{"taxonomy":"post_tag","embeddable":true,"href":"https:\/\/agora.xtec.cat\/ceiplajota\/wp-json\/wp\/v2\/tags?post=6840"}],"curies":[{"name":"wp","href":"https:\/\/api.w.org\/{rel}","templated":true}]}}