{"id":6830,"date":"2025-04-07T12:28:47","date_gmt":"2025-04-07T10:28:47","guid":{"rendered":"https:\/\/agora.xtec.cat\/ceiplajota\/?p=6830"},"modified":"2025-04-07T12:28:47","modified_gmt":"2025-04-07T10:28:47","slug":"jornada-johan-cruyff-6e","status":"publish","type":"post","link":"https:\/\/agora.xtec.cat\/ceiplajota\/general\/jornada-johan-cruyff-6e\/","title":{"rendered":"Jornada Johan Cruyff 6\u00e8"},"content":{"rendered":"<p class=\"\" data-start=\"182\" data-end=\"403\">El passat divendres, l\u2019alumnat de 6\u00e8 va viure una jornada diferent participant en un torneig de futbol organitzat per la Fundaci\u00f3 Johan Cruyff, amb l&#8217;escola l&#8217;Oreneta de Badia del Vall\u00e8s.<\/p>\n<p class=\"\" data-start=\"405\" data-end=\"787\">M\u00e9s enll\u00e0 de la competici\u00f3 esportiva, aquesta trobada ha tingut com a objectiu principal fomentar valors com el respecte, el treball en equip, la cooperaci\u00f3, l\u2019esfor\u00e7 i la inclusi\u00f3 a trav\u00e9s de la pr\u00e0ctica esportiva. Des del primer moment, els nens i nenes van entendre que jugar b\u00e9 no nom\u00e9s significa marcar gols, sin\u00f3 tamb\u00e9 saber escoltar, animar els companys i gaudir del joc net.<\/p>\n<p class=\"\" data-start=\"789\" data-end=\"1052\">Ha estat una jornada plena d\u2019energia, il\u00b7lusi\u00f3 i bon ambient, on l\u2019esport ha estat una excusa perfecta per cr\u00e9ixer com a grup i com a persones. L\u2019experi\u00e8ncia compartida amb infants de l\u2019altra escola del poble ha afavorit tamb\u00e9 la conviv\u00e8ncia i l\u2019enriquiment mutu.<\/p>\n<p class=\"\" data-start=\"1054\" data-end=\"1225\">Des de l\u2019escola, volem felicitar a tot l\u2019alumnat de la nostra escola per la seva actitud exemplar dins i fora del camp.<\/p>\n<h5><a href=\"https:\/\/photos.app.goo.gl\/A9DtgvHCV9vTibNr6\" target=\"_blank\" rel=\"noopener\">US DEIXEM UN PETIT RECULL DE FOTOGRAFIES.<\/a><\/h5>\n","protected":false},"excerpt":{"rendered":"<p>El passat divendres, l\u2019alumnat de 6\u00e8 va viure una jornada diferent participant en un torneig de futbol organitzat per la Fundaci\u00f3 Johan Cruyff, amb l&#8217;escola l&#8217;Oreneta de Badia del Vall\u00e8s.<br \/>\nM\u00e9s enll\u00e0 de la competici\u00f3 esportiva, aquesta trobada ha tingut com a objectiu principal fomentar valors&hellip;  <a href=\"https:\/\/agora.xtec.cat\/ceiplajota\/general\/jornada-johan-cruyff-6e\/\" title=\"Read Jornada Johan Cruyff 6\u00e8\">Llegeix m\u00e9s\u00bb<\/a><\/p>\n","protected":false},"author":3,"featured_media":6831,"comment_status":"open","ping_status":"closed","sticky":false,"template":"","format":"standard","meta":{"_bbp_topic_count":0,"_bbp_reply_count":0,"_bbp_total_topic_count":0,"_bbp_total_reply_count":0,"_bbp_voice_count":0,"_bbp_anonymous_reply_count":0,"_bbp_topic_count_hidden":0,"_bbp_reply_count_hidden":0,"_bbp_forum_subforum_count":0,"footnotes":""},"categories":[15,1,5],"tags":[],"class_list":["post-6830","post","type-post","status-publish","format-standard","has-post-thumbnail","hentry","category-6e","category-general","category-primaria"],"post_mailing_queue_ids":[],"_links":{"self":[{"href":"https:\/\/agora.xtec.cat\/ceiplajota\/wp-json\/wp\/v2\/posts\/6830","targetHints":{"allow":["GET"]}}],"collection":[{"href":"https:\/\/agora.xtec.cat\/ceiplajota\/wp-json\/wp\/v2\/posts"}],"about":[{"href":"https:\/\/agora.xtec.cat\/ceiplajota\/wp-json\/wp\/v2\/types\/post"}],"author":[{"embeddable":true,"href":"https:\/\/agora.xtec.cat\/ceiplajota\/wp-json\/wp\/v2\/users\/3"}],"replies":[{"embeddable":true,"href":"https:\/\/agora.xtec.cat\/ceiplajota\/wp-json\/wp\/v2\/comments?post=6830"}],"version-history":[{"count":1,"href":"https:\/\/agora.xtec.cat\/ceiplajota\/wp-json\/wp\/v2\/posts\/6830\/revisions"}],"predecessor-version":[{"id":6832,"href":"https:\/\/agora.xtec.cat\/ceiplajota\/wp-json\/wp\/v2\/posts\/6830\/revisions\/6832"}],"wp:featuredmedia":[{"embeddable":true,"href":"https:\/\/agora.xtec.cat\/ceiplajota\/wp-json\/wp\/v2\/media\/6831"}],"wp:attachment":[{"href":"https:\/\/agora.xtec.cat\/ceiplajota\/wp-json\/wp\/v2\/media?parent=6830"}],"wp:term":[{"taxonomy":"category","embeddable":true,"href":"https:\/\/agora.xtec.cat\/ceiplajota\/wp-json\/wp\/v2\/categories?post=6830"},{"taxonomy":"post_tag","embeddable":true,"href":"https:\/\/agora.xtec.cat\/ceiplajota\/wp-json\/wp\/v2\/tags?post=6830"}],"curies":[{"name":"wp","href":"https:\/\/api.w.org\/{rel}","templated":true}]}}