{"id":6813,"date":"2025-04-08T16:00:15","date_gmt":"2025-04-08T14:00:15","guid":{"rendered":"https:\/\/agora.xtec.cat\/ceiplajota\/?p=6813"},"modified":"2025-04-07T22:59:50","modified_gmt":"2025-04-07T20:59:50","slug":"jornades-esportives-a-lins-badia","status":"publish","type":"post","link":"https:\/\/agora.xtec.cat\/ceiplajota\/general\/jornades-esportives-a-lins-badia\/","title":{"rendered":"Jornades esportives a l&#8217;INS Badia"},"content":{"rendered":"<p>Les <strong>jornades esportives,<\/strong> celebrades el passat dijous\u00a0 27 de mar\u00e7, a l&#8217;INS Badia van ser un \u00e8xit rotund, amb la participaci\u00f3 activa dels alumnes de 1r i 2n d&#8217;ESO. Durant aquesta jornada, els estudiants van tenir l&#8217;oportunitat de gaudir de diverses activitats esportives que van promoure el treball en equip, la diversi\u00f3 i la compet\u00e8ncia sana.<\/p>\n<p>Els alumnes d&#8217;FP van oferir diversos espais per practicar diversos esports com: l&#8217;hoquei, el b\u00e0squet, el ping-pong, el futbol de cecs i les curses de relleus. Cada prova va ser una ocasi\u00f3 perqu\u00e8 els alumnes demostressin les seves habilitats i, alhora, aprenguessin a col\u00b7laborar amb els companys.<\/p>\n<p>Aquesta jornada no nom\u00e9s va ser una manera de trencar la rutina escolar, sin\u00f3 tamb\u00e9 una oportunitat per als estudiants de 1r i 2n d&#8217;ESO de fer esport d&#8217;una manera divertida i plena de bons moments. Sens dubte, una experi\u00e8ncia que refor\u00e7a l&#8217;esperit de superaci\u00f3 i companyerisme entre els alumnes.<\/p>\n<p><a href=\"https:\/\/photos.app.goo.gl\/jthAtGCm2mj4b6fd9\">Cliqueu aqu\u00ed per veure les fotos d&#8217;aquest moment<\/a><\/p>\n","protected":false},"excerpt":{"rendered":"<p>Les jornades esportives, celebrades el passat dijous\u00a0 27 de mar\u00e7, a l&#8217;INS Badia van ser un \u00e8xit rotund, amb la participaci\u00f3 activa dels alumnes de 1r i 2n d&#8217;ESO. Durant aquesta jornada, els estudiants van tenir l&#8217;oportunitat de gaudir de diverses activitats esportives que van&hellip;  <a href=\"https:\/\/agora.xtec.cat\/ceiplajota\/general\/jornades-esportives-a-lins-badia\/\" title=\"Read Jornades esportives a l&#8217;INS Badia\">Llegeix m\u00e9s\u00bb<\/a><\/p>\n","protected":false},"author":37,"featured_media":6833,"comment_status":"open","ping_status":"closed","sticky":false,"template":"","format":"standard","meta":{"_bbp_topic_count":0,"_bbp_reply_count":0,"_bbp_total_topic_count":0,"_bbp_total_reply_count":0,"_bbp_voice_count":0,"_bbp_anonymous_reply_count":0,"_bbp_topic_count_hidden":0,"_bbp_reply_count_hidden":0,"_bbp_forum_subforum_count":0,"footnotes":""},"categories":[108,1,109],"tags":[],"class_list":["post-6813","post","type-post","status-publish","format-standard","has-post-thumbnail","hentry","category-1r-eso","category-general","category-secundaria"],"post_mailing_queue_ids":[],"_links":{"self":[{"href":"https:\/\/agora.xtec.cat\/ceiplajota\/wp-json\/wp\/v2\/posts\/6813","targetHints":{"allow":["GET"]}}],"collection":[{"href":"https:\/\/agora.xtec.cat\/ceiplajota\/wp-json\/wp\/v2\/posts"}],"about":[{"href":"https:\/\/agora.xtec.cat\/ceiplajota\/wp-json\/wp\/v2\/types\/post"}],"author":[{"embeddable":true,"href":"https:\/\/agora.xtec.cat\/ceiplajota\/wp-json\/wp\/v2\/users\/37"}],"replies":[{"embeddable":true,"href":"https:\/\/agora.xtec.cat\/ceiplajota\/wp-json\/wp\/v2\/comments?post=6813"}],"version-history":[{"count":3,"href":"https:\/\/agora.xtec.cat\/ceiplajota\/wp-json\/wp\/v2\/posts\/6813\/revisions"}],"predecessor-version":[{"id":6834,"href":"https:\/\/agora.xtec.cat\/ceiplajota\/wp-json\/wp\/v2\/posts\/6813\/revisions\/6834"}],"wp:featuredmedia":[{"embeddable":true,"href":"https:\/\/agora.xtec.cat\/ceiplajota\/wp-json\/wp\/v2\/media\/6833"}],"wp:attachment":[{"href":"https:\/\/agora.xtec.cat\/ceiplajota\/wp-json\/wp\/v2\/media?parent=6813"}],"wp:term":[{"taxonomy":"category","embeddable":true,"href":"https:\/\/agora.xtec.cat\/ceiplajota\/wp-json\/wp\/v2\/categories?post=6813"},{"taxonomy":"post_tag","embeddable":true,"href":"https:\/\/agora.xtec.cat\/ceiplajota\/wp-json\/wp\/v2\/tags?post=6813"}],"curies":[{"name":"wp","href":"https:\/\/api.w.org\/{rel}","templated":true}]}}