{"id":6803,"date":"2025-04-01T12:00:33","date_gmt":"2025-04-01T10:00:33","guid":{"rendered":"https:\/\/agora.xtec.cat\/ceiplajota\/?p=6803"},"modified":"2025-03-29T08:22:13","modified_gmt":"2025-03-29T07:22:13","slug":"visita-de-la-julia","status":"publish","type":"post","link":"https:\/\/agora.xtec.cat\/ceiplajota\/general\/visita-de-la-julia\/","title":{"rendered":"Visita de la J\u00falia."},"content":{"rendered":"<p data-pm-slice=\"1 1 []\">Hola, fam\u00edlies!<a href=\"https:\/\/agora.xtec.cat\/ceiplajota\/wp-content\/uploads\/usu1571\/2025\/03\/hockey-1.jpg\"><img loading=\"lazy\" decoding=\"async\" class=\"size-full wp-image-6805 alignright\" src=\"https:\/\/agora.xtec.cat\/ceiplajota\/wp-content\/uploads\/usu1571\/2025\/03\/hockey-1.jpg\" alt=\"\" width=\"225\" height=\"225\" srcset=\"https:\/\/agora.xtec.cat\/ceiplajota\/wp-content\/uploads\/usu1571\/2025\/03\/hockey-1.jpg 225w, https:\/\/agora.xtec.cat\/ceiplajota\/wp-content\/uploads\/usu1571\/2025\/03\/hockey-1-150x150.jpg 150w\" sizes=\"auto, (max-width: 225px) 100vw, 225px\" \/><\/a><\/p>\n<p><a href=\"https:\/\/photos.app.goo.gl\/9fkveLSNwbt28k1c7\">Divendres passat 28 de mar\u00e7 els alumnes d&#8217;infantil vam rebre la visita d&#8217;una persona molt especial.\u00a0<\/a><\/p>\n<p>La J\u00falia \u00e9s una esportista que juga a Hoquei sobre herba femen\u00ed. Ella va poder participar en la selecci\u00f3 Espanyola\u00a0 a les olimp\u00edades de T\u00f2quio (Jap\u00f3, 2021).<\/p>\n<p>Ella ens va explicar algunes an\u00e8cdotes d&#8217;aquelles olimp\u00edades, entre elles, que van haver d&#8217;anar amb mascareta. Tamb\u00e9 ens va deixar tocar i veure alguns elements que portava. I va contestar les preguntes que li vam fer.<\/p>\n<p>Quina gran sort poder\u00a0 rebre informaci\u00f3 de primera m\u00e0 d&#8217;una esportista genial com la J\u00falia!<\/p>\n","protected":false},"excerpt":{"rendered":"<p>Hola, fam\u00edlies!<a href=\"https:\/\/agora.xtec.cat\/ceiplajota\/wp-content\/uploads\/usu1571\/2025\/03\/hockey-1.jpg\"><\/a><br \/>\n<a href=\"https:\/\/photos.app.goo.gl\/9fkveLSNwbt28k1c7\">Divendres passat 28 de mar\u00e7 els alumnes d&#8217;infantil vam rebre la visita d&#8217;una persona molt especial.\u00a0<\/a><br \/>\nLa J\u00falia \u00e9s una esportista que juga a Hoquei sobre herba femen\u00ed. Ella va poder participar en la selecci\u00f3 Espanyola\u00a0 a les olimp\u00edades de T\u00f2quio (Jap\u00f3, 2021).<br \/>\nElla&hellip;  <a href=\"https:\/\/agora.xtec.cat\/ceiplajota\/general\/visita-de-la-julia\/\" title=\"Read Visita de la J\u00falia.\">Llegeix m\u00e9s\u00bb<\/a><\/p>\n","protected":false},"author":34,"featured_media":0,"comment_status":"open","ping_status":"closed","sticky":false,"template":"","format":"standard","meta":{"_bbp_topic_count":0,"_bbp_reply_count":0,"_bbp_total_topic_count":0,"_bbp_total_reply_count":0,"_bbp_voice_count":0,"_bbp_anonymous_reply_count":0,"_bbp_topic_count_hidden":0,"_bbp_reply_count_hidden":0,"_bbp_forum_subforum_count":0,"footnotes":""},"categories":[1],"tags":[],"class_list":["post-6803","post","type-post","status-publish","format-standard","hentry","category-general"],"post_mailing_queue_ids":[],"_links":{"self":[{"href":"https:\/\/agora.xtec.cat\/ceiplajota\/wp-json\/wp\/v2\/posts\/6803","targetHints":{"allow":["GET"]}}],"collection":[{"href":"https:\/\/agora.xtec.cat\/ceiplajota\/wp-json\/wp\/v2\/posts"}],"about":[{"href":"https:\/\/agora.xtec.cat\/ceiplajota\/wp-json\/wp\/v2\/types\/post"}],"author":[{"embeddable":true,"href":"https:\/\/agora.xtec.cat\/ceiplajota\/wp-json\/wp\/v2\/users\/34"}],"replies":[{"embeddable":true,"href":"https:\/\/agora.xtec.cat\/ceiplajota\/wp-json\/wp\/v2\/comments?post=6803"}],"version-history":[{"count":3,"href":"https:\/\/agora.xtec.cat\/ceiplajota\/wp-json\/wp\/v2\/posts\/6803\/revisions"}],"predecessor-version":[{"id":6808,"href":"https:\/\/agora.xtec.cat\/ceiplajota\/wp-json\/wp\/v2\/posts\/6803\/revisions\/6808"}],"wp:attachment":[{"href":"https:\/\/agora.xtec.cat\/ceiplajota\/wp-json\/wp\/v2\/media?parent=6803"}],"wp:term":[{"taxonomy":"category","embeddable":true,"href":"https:\/\/agora.xtec.cat\/ceiplajota\/wp-json\/wp\/v2\/categories?post=6803"},{"taxonomy":"post_tag","embeddable":true,"href":"https:\/\/agora.xtec.cat\/ceiplajota\/wp-json\/wp\/v2\/tags?post=6803"}],"curies":[{"name":"wp","href":"https:\/\/api.w.org\/{rel}","templated":true}]}}