{"id":6795,"date":"2025-03-27T20:35:14","date_gmt":"2025-03-27T19:35:14","guid":{"rendered":"https:\/\/agora.xtec.cat\/ceiplajota\/?p=6795"},"modified":"2025-03-27T20:40:07","modified_gmt":"2025-03-27T19:40:07","slug":"erasmus","status":"publish","type":"post","link":"https:\/\/agora.xtec.cat\/ceiplajota\/general\/erasmus\/","title":{"rendered":"ERASMUS +"},"content":{"rendered":"<p><span style=\"font-weight: 400;\">El passat 10 de mar\u00e7 va arribar a l\u2019Institut Escola La Jota\u00a0 la Fanny, la nova auxiliar de conversa d\u2019angl\u00e8s a 4t, 5\u00e8 i 6\u00e8 de prim\u00e0ria i a 1r i 2n de secund\u00e0ria. Durant dos mesos, ella estar\u00e0 en les sessions d\u2019angl\u00e8s junt amb l&#8217;equip docent de primera llengua estrangera (angl\u00e8s)\u00a0 i ajudar\u00e0 a l\u2019alumnat a millorar la seva comprensi\u00f3, expressi\u00f3 oral i la seva interacci\u00f3 en aquesta llengua. Per aix\u00f2, est\u00e0 organitzant propostes com jocs de taula, role plays o petits di\u00e0legs. <\/span><\/p>\n<p><span style=\"font-weight: 400;\">Esperem que tant la Fanny com tot l\u2019alumnat gaudeixi i aprengui molt d\u2019aquesta experi\u00e8ncia!<\/span><\/p>\n<p>Aqu\u00ed teniu una pinzellada en <a href=\"https:\/\/drive.google.com\/drive\/folders\/1SqoitILraw8koPCy6WGt5TR_rjI83aoj?usp=drive_link\" target=\"_blank\" rel=\"noopener\">fotografies<\/a>.<\/p>\n<p style=\"text-align: center;\"><a href=\"https:\/\/agora.xtec.cat\/ceiplajota\/wp-content\/uploads\/usu1571\/2025\/03\/erasmus-2.png\"><img loading=\"lazy\" decoding=\"async\" class=\"aligncenter size-medium wp-image-6799\" src=\"https:\/\/agora.xtec.cat\/ceiplajota\/wp-content\/uploads\/usu1571\/2025\/03\/erasmus-2-300x209.png\" alt=\"\" width=\"300\" height=\"209\" srcset=\"https:\/\/agora.xtec.cat\/ceiplajota\/wp-content\/uploads\/usu1571\/2025\/03\/erasmus-2-300x209.png 300w, https:\/\/agora.xtec.cat\/ceiplajota\/wp-content\/uploads\/usu1571\/2025\/03\/erasmus-2.png 441w\" sizes=\"auto, (max-width: 300px) 100vw, 300px\" \/><\/a><\/p>\n","protected":false},"excerpt":{"rendered":"<p>El passat 10 de mar\u00e7 va arribar a l\u2019Institut Escola La Jota\u00a0 la Fanny, la nova auxiliar de conversa d\u2019angl\u00e8s a 4t, 5\u00e8 i 6\u00e8 de prim\u00e0ria i a 1r i 2n de secund\u00e0ria. Durant dos mesos, ella estar\u00e0 en les sessions d\u2019angl\u00e8s junt amb&hellip;  <a href=\"https:\/\/agora.xtec.cat\/ceiplajota\/general\/erasmus\/\" title=\"Read ERASMUS +\">Llegeix m\u00e9s\u00bb<\/a><\/p>\n","protected":false},"author":1,"featured_media":6798,"comment_status":"open","ping_status":"closed","sticky":false,"template":"","format":"standard","meta":{"_bbp_topic_count":0,"_bbp_reply_count":0,"_bbp_total_topic_count":0,"_bbp_total_reply_count":0,"_bbp_voice_count":0,"_bbp_anonymous_reply_count":0,"_bbp_topic_count_hidden":0,"_bbp_reply_count_hidden":0,"_bbp_forum_subforum_count":0,"footnotes":""},"categories":[1],"tags":[],"class_list":["post-6795","post","type-post","status-publish","format-standard","has-post-thumbnail","hentry","category-general"],"post_mailing_queue_ids":[],"_links":{"self":[{"href":"https:\/\/agora.xtec.cat\/ceiplajota\/wp-json\/wp\/v2\/posts\/6795","targetHints":{"allow":["GET"]}}],"collection":[{"href":"https:\/\/agora.xtec.cat\/ceiplajota\/wp-json\/wp\/v2\/posts"}],"about":[{"href":"https:\/\/agora.xtec.cat\/ceiplajota\/wp-json\/wp\/v2\/types\/post"}],"author":[{"embeddable":true,"href":"https:\/\/agora.xtec.cat\/ceiplajota\/wp-json\/wp\/v2\/users\/1"}],"replies":[{"embeddable":true,"href":"https:\/\/agora.xtec.cat\/ceiplajota\/wp-json\/wp\/v2\/comments?post=6795"}],"version-history":[{"count":3,"href":"https:\/\/agora.xtec.cat\/ceiplajota\/wp-json\/wp\/v2\/posts\/6795\/revisions"}],"predecessor-version":[{"id":6800,"href":"https:\/\/agora.xtec.cat\/ceiplajota\/wp-json\/wp\/v2\/posts\/6795\/revisions\/6800"}],"wp:featuredmedia":[{"embeddable":true,"href":"https:\/\/agora.xtec.cat\/ceiplajota\/wp-json\/wp\/v2\/media\/6798"}],"wp:attachment":[{"href":"https:\/\/agora.xtec.cat\/ceiplajota\/wp-json\/wp\/v2\/media?parent=6795"}],"wp:term":[{"taxonomy":"category","embeddable":true,"href":"https:\/\/agora.xtec.cat\/ceiplajota\/wp-json\/wp\/v2\/categories?post=6795"},{"taxonomy":"post_tag","embeddable":true,"href":"https:\/\/agora.xtec.cat\/ceiplajota\/wp-json\/wp\/v2\/tags?post=6795"}],"curies":[{"name":"wp","href":"https:\/\/api.w.org\/{rel}","templated":true}]}}