{"id":6792,"date":"2025-03-27T10:00:48","date_gmt":"2025-03-27T09:00:48","guid":{"rendered":"https:\/\/agora.xtec.cat\/ceiplajota\/?p=6792"},"modified":"2025-03-27T10:00:48","modified_gmt":"2025-03-27T09:00:48","slug":"descobrint-barcelona92-cicle-superior","status":"publish","type":"post","link":"https:\/\/agora.xtec.cat\/ceiplajota\/general\/descobrint-barcelona92-cicle-superior\/","title":{"rendered":"DESCOBRINT BARCELONA&#8217;92. CICLE SUPERIOR."},"content":{"rendered":"<p class=\"\" data-start=\"66\" data-end=\"461\">Ahir, l\u2019alumnat de cicle superior va tenir l\u2019oportunitat de viure una experi\u00e8ncia molt especial gr\u00e0cies a la visita de la mare del Ferran, un dels nostres alumnes. Aquesta convidada tan especial va compartir amb nosaltres la seva experi\u00e8ncia com a volunt\u00e0ria en els Jocs Ol\u00edmpics de Barcelona &#8217;92, un esdeveniment hist\u00f2ric que va marcar un abans i un despr\u00e9s a la ciutat i al m\u00f3n de l\u2019esport.<\/p>\n<p class=\"\" data-start=\"463\" data-end=\"790\">Durant la xerrada, ens va explicar an\u00e8cdotes fascinants sobre el seu paper en els Jocs, les emocions viscudes i la import\u00e0ncia del voluntariat en un esdeveniment d\u2019aquesta magnitud. L\u2019alumnat va estar molt atent i participatiu, aprofitant l\u2019ocasi\u00f3 per fer preguntes i resoldre dubtes sobre aquest esdeveniment tan emblem\u00e0tic.<\/p>\n<p class=\"\" data-start=\"792\" data-end=\"1072\">Va ser una experi\u00e8ncia molt enriquidora que ens va permetre entendre millor la import\u00e0ncia dels valors ol\u00edmpics com l\u2019esfor\u00e7, la dedicaci\u00f3 i el treball en equip. Agra\u00efm de tot cor la seva visita i el temps dedicat a compartir amb nosaltres un trosset de la seva hist\u00f2ria ol\u00edmpica!<\/p>\n<h5 data-start=\"792\" data-end=\"1072\"><a href=\"https:\/\/photos.app.goo.gl\/CnMezGbqiy9YGq4e6\" target=\"_blank\" rel=\"noopener\">AQU\u00cd US DEIXEM UN PETIT RECULL DE FOTOS.<\/a><\/h5>\n","protected":false},"excerpt":{"rendered":"<p>Ahir, l\u2019alumnat de cicle superior va tenir l\u2019oportunitat de viure una experi\u00e8ncia molt especial gr\u00e0cies a la visita de la mare del Ferran, un dels nostres alumnes. Aquesta convidada tan especial va compartir amb nosaltres la seva experi\u00e8ncia com a volunt\u00e0ria en els Jocs Ol\u00edmpics&hellip;  <a href=\"https:\/\/agora.xtec.cat\/ceiplajota\/general\/descobrint-barcelona92-cicle-superior\/\" title=\"Read DESCOBRINT BARCELONA&#8217;92. CICLE SUPERIOR.\">Llegeix m\u00e9s\u00bb<\/a><\/p>\n","protected":false},"author":3,"featured_media":6793,"comment_status":"open","ping_status":"closed","sticky":false,"template":"","format":"standard","meta":{"_bbp_topic_count":0,"_bbp_reply_count":0,"_bbp_total_topic_count":0,"_bbp_total_reply_count":0,"_bbp_voice_count":0,"_bbp_anonymous_reply_count":0,"_bbp_topic_count_hidden":0,"_bbp_reply_count_hidden":0,"_bbp_forum_subforum_count":0,"footnotes":""},"categories":[14,15,1,5],"tags":[],"class_list":["post-6792","post","type-post","status-publish","format-standard","has-post-thumbnail","hentry","category-5e","category-6e","category-general","category-primaria"],"post_mailing_queue_ids":[],"_links":{"self":[{"href":"https:\/\/agora.xtec.cat\/ceiplajota\/wp-json\/wp\/v2\/posts\/6792","targetHints":{"allow":["GET"]}}],"collection":[{"href":"https:\/\/agora.xtec.cat\/ceiplajota\/wp-json\/wp\/v2\/posts"}],"about":[{"href":"https:\/\/agora.xtec.cat\/ceiplajota\/wp-json\/wp\/v2\/types\/post"}],"author":[{"embeddable":true,"href":"https:\/\/agora.xtec.cat\/ceiplajota\/wp-json\/wp\/v2\/users\/3"}],"replies":[{"embeddable":true,"href":"https:\/\/agora.xtec.cat\/ceiplajota\/wp-json\/wp\/v2\/comments?post=6792"}],"version-history":[{"count":1,"href":"https:\/\/agora.xtec.cat\/ceiplajota\/wp-json\/wp\/v2\/posts\/6792\/revisions"}],"predecessor-version":[{"id":6794,"href":"https:\/\/agora.xtec.cat\/ceiplajota\/wp-json\/wp\/v2\/posts\/6792\/revisions\/6794"}],"wp:featuredmedia":[{"embeddable":true,"href":"https:\/\/agora.xtec.cat\/ceiplajota\/wp-json\/wp\/v2\/media\/6793"}],"wp:attachment":[{"href":"https:\/\/agora.xtec.cat\/ceiplajota\/wp-json\/wp\/v2\/media?parent=6792"}],"wp:term":[{"taxonomy":"category","embeddable":true,"href":"https:\/\/agora.xtec.cat\/ceiplajota\/wp-json\/wp\/v2\/categories?post=6792"},{"taxonomy":"post_tag","embeddable":true,"href":"https:\/\/agora.xtec.cat\/ceiplajota\/wp-json\/wp\/v2\/tags?post=6792"}],"curies":[{"name":"wp","href":"https:\/\/api.w.org\/{rel}","templated":true}]}}